{"id":17087,"date":"2025-11-28T11:33:55","date_gmt":"2025-11-28T14:33:55","guid":{"rendered":"https:\/\/webapp408399.ip-23-239-29-230.cloudezapp.io\/?p=17087"},"modified":"2025-11-28T22:06:45","modified_gmt":"2025-11-29T01:06:45","slug":"mbas-e-pos-lato-sensu-motor-silencioso-da-transformacao-empresarial-e-nacional","status":"publish","type":"post","link":"https:\/\/publicacoes.estadao.com.br\/guia-de-pos-mba\/mbas-e-pos-lato-sensu-motor-silencioso-da-transformacao-empresarial-e-nacional\/","title":{"rendered":"MBAs e P\u00f3s lato sensu: motor silencioso da transforma\u00e7\u00e3o empresarial e nacional"},"content":{"rendered":"<p class=\"p1\">O Brasil precisa de uma revolu\u00e7\u00e3o silenciosa \u2014 e ela pode come\u00e7ar dentro das salas de aula dos cursos de p\u00f3s-gradua\u00e7\u00e3o lato sensu. Em um mundo onde a \u00fanica constante \u00e9 a mudan\u00e7a, formar profissionais capazes de inovar, adaptar-se e liderar transforma\u00e7\u00f5es \u00e9 mais do que uma necessidade: \u00e9 uma urg\u00eancia nacional. Os MBAs e demais especializa\u00e7\u00f5es n\u00e3o s\u00e3o apenas degraus na carreira; s\u00e3o motores de desenvolvimento empresarial e, por extens\u00e3o, social e econ\u00f4mico.<\/p>\n<p class=\"p1\">Esses cursos t\u00eam o potencial de transformar o mercado, mas para isso precisam ir al\u00e9m da teoria. Devem se tornar laborat\u00f3rios vivos de inova\u00e7\u00e3o, conectando o conhecimento acad\u00eamico \u00e0s dores reais das empresas. A chave est\u00e1 em explorar metodologias ativas, tecnologias educacionais e, sobretudo, aproximar os coordenadores e professores do mundo corporativo. Quando executivos mentores entram na sala de aula e problemas reais s\u00e3o trazidos para discuss\u00e3o, o aprendizado ganha prop\u00f3sito \u2014 e o impacto se multiplica.<\/p>\n<p class=\"p1\">Essa aproxima\u00e7\u00e3o cria um c\u00edrculo virtuoso: problema-pesquisa-solu\u00e7\u00e3o. Os alunos desenvolvem compet\u00eancias pr\u00e1ticas e ampliam sua empregabilidade; as empresas recebem diagn\u00f3sticos e propostas inovadoras; e os cursos se fortalecem como agentes de mudan\u00e7a. Mais do que formar especialistas, os cursos \u201clato sensu\u201d devem formar solucionadores, estrategistas e l\u00edderes.<\/p>\n<p class=\"p1\">Para que esse modelo flores\u00e7a, \u00e9 essencial que as empresas assumam um papel ativo. O patroc\u00ednio \u00e0 forma\u00e7\u00e3o de colaboradores deve ser visto como investimento estrat\u00e9gico, n\u00e3o como benef\u00edcio pontual. Ao apoiar a educa\u00e7\u00e3o continuada, as organiza\u00e7\u00f5es fomentam a inova\u00e7\u00e3o interna, aumentam sua competitividade e contribuem para a constru\u00e7\u00e3o de um ecossistema de aprendizado cont\u00ednuo. Afinal, no s\u00e9culo 21, vale mais a capacidade de aprender, desaprender e reaprender.<\/p>\n<p class=\"p1\">Al\u00e9m disso, \u00e9 preciso que os pr\u00f3prios alunos enxerguem a p\u00f3s-gradua\u00e7\u00e3o como uma jornada de transforma\u00e7\u00e3o pessoal e profissional, e n\u00e3o apenas como um t\u00edtulo. O engajamento, a curiosidade e a disposi\u00e7\u00e3o para aplicar o conhecimento adquirido s\u00e3o fatores decisivos para que o impacto da forma\u00e7\u00e3o ultrapasse os limites da sala de aula e reverbere no mercado.<\/p>\n<p class=\"p1\">O Brasil precisa de profissionais que pensem como empreendedores, ajam como inovadores e aprendam como eternos estudantes. Os cursos \u201clato sensu\u201d, quando bem desenhados e conectados \u00e0 realidade, s\u00e3o capazes de formar esse perfil. E ao formar pessoas assim, formamos empresas melhores. E ao formar empresas melhores, constru\u00edmos um pa\u00eds mais produtivo, competitivo e sustent\u00e1vel.<\/p>\n<p class=\"p1\">A transforma\u00e7\u00e3o que queremos n\u00e3o vir\u00e1 apenas de pol\u00edticas p\u00fablicas ou grandes reformas. Ela pode \u2014 e deve \u2014 come\u00e7ar com cada profissional que decide se reinventar. E com cada institui\u00e7\u00e3o que entende que ensinar \u00e9, acima de tudo, transformar.<\/p>\n<div style=\"margin: 0 auto;\">\n<figure style=\"display: inline-block; border-radius: 30px; max-width: 175px;\"><img loading=\"lazy\" decoding=\"async\" class=\"alignnone size-medium wp-image-16899\" style=\"border-radius: 30px;\" src=\"https:\/\/publicacoes.estadao.com.br\/guia-de-pos-mba-2024\/wp-content\/uploads\/2024\/11\/Foto-Armando-dal-colleto-300x300.jpg\" alt=\"\" width=\"300\" height=\"300\" srcset=\"https:\/\/publicacoes.estadao.com.br\/guia-de-pos-mba\/wp-content\/uploads\/2024\/11\/Foto-Armando-dal-colleto-300x300.jpg 300w, https:\/\/publicacoes.estadao.com.br\/guia-de-pos-mba\/wp-content\/uploads\/2024\/11\/Foto-Armando-dal-colleto-150x150.jpg 150w, https:\/\/publicacoes.estadao.com.br\/guia-de-pos-mba\/wp-content\/uploads\/2024\/11\/Foto-Armando-dal-colleto-768x768.jpg 768w, https:\/\/publicacoes.estadao.com.br\/guia-de-pos-mba\/wp-content\/uploads\/2024\/11\/Foto-Armando-dal-colleto-125x125.jpg 125w, https:\/\/publicacoes.estadao.com.br\/guia-de-pos-mba\/wp-content\/uploads\/2024\/11\/Foto-Armando-dal-colleto-340x340.jpg 340w, https:\/\/publicacoes.estadao.com.br\/guia-de-pos-mba\/wp-content\/uploads\/2024\/11\/Foto-Armando-dal-colleto-585x585.jpg 585w, https:\/\/publicacoes.estadao.com.br\/guia-de-pos-mba\/wp-content\/uploads\/2024\/11\/Foto-Armando-dal-colleto.jpg 1000w\" sizes=\"auto, (max-width: 300px) 100vw, 300px\" \/><\/figure>\n<p style=\"display: inline-block; max-width: 510px; vertical-align: top; padding-left: 50px; padding-top: 20px;\"><strong>Armando Dal Colletto<\/strong><br \/>\nPresidente da Associa\u00e7\u00e3o Nacional de MBA \u2013 ANAMBA<br \/>\nPresidente do Instituto Prospectiva \u2013 INSPRO<br \/>\nCoordenador do Guia P\u00f3s + MBA Estad\u00e3o<\/p>\n<\/div>\n","protected":false},"excerpt":{"rendered":"<p>O Brasil precisa de uma revolu\u00e7\u00e3o silenciosa \u2014 e ela pode come\u00e7ar dentro das salas de [&hellip;]<\/p>\n","protected":false},"author":3,"featured_media":16899,"comment_status":"open","ping_status":"open","sticky":false,"template":"","format":"standard","meta":{"_acf_changed":false,"footnotes":""},"categories":[2],"tags":[],"class_list":["post-17087","post","type-post","status-publish","format-standard","has-post-thumbnail","hentry","category-artigos"],"acf":[],"yoast_head":"<!-- This site is optimized with the Yoast SEO plugin v27.3 - https:\/\/yoast.com\/product\/yoast-seo-wordpress\/ -->\n<title>MBAs e P\u00f3s lato sensu: motor silencioso da transforma\u00e7\u00e3o empresarial e nacional - Guia de P\u00d3S + MBA Estad\u00e3o 2025<\/title>\n<meta name=\"robots\" content=\"index, follow, max-snippet:-1, max-image-preview:large, max-video-preview:-1\" \/>\n<link rel=\"canonical\" href=\"https:\/\/publicacoes.estadao.com.br\/guia-de-pos-mba\/mbas-e-pos-lato-sensu-motor-silencioso-da-transformacao-empresarial-e-nacional\/\" \/>\n<meta property=\"og:locale\" content=\"pt_BR\" \/>\n<meta property=\"og:type\" content=\"article\" \/>\n<meta property=\"og:title\" content=\"MBAs e P\u00f3s lato sensu: motor silencioso da transforma\u00e7\u00e3o empresarial e nacional - Guia de P\u00d3S + MBA Estad\u00e3o 2025\" \/>\n<meta property=\"og:description\" content=\"O Brasil precisa de uma revolu\u00e7\u00e3o silenciosa \u2014 e ela pode come\u00e7ar dentro das salas de [&hellip;]\" \/>\n<meta property=\"og:url\" content=\"https:\/\/publicacoes.estadao.com.br\/guia-de-pos-mba\/mbas-e-pos-lato-sensu-motor-silencioso-da-transformacao-empresarial-e-nacional\/\" \/>\n<meta property=\"og:site_name\" content=\"Guia de P\u00d3S + MBA Estad\u00e3o 2025\" \/>\n<meta property=\"article:published_time\" content=\"2025-11-28T14:33:55+00:00\" \/>\n<meta property=\"article:modified_time\" content=\"2025-11-29T01:06:45+00:00\" \/>\n<meta property=\"og:image\" content=\"https:\/\/publicacoes.estadao.com.br\/guia-de-pos-mba\/wp-content\/uploads\/2024\/11\/Foto-Armando-dal-colleto.jpg\" \/>\n\t<meta property=\"og:image:width\" content=\"1000\" \/>\n\t<meta property=\"og:image:height\" content=\"1000\" \/>\n\t<meta property=\"og:image:type\" content=\"image\/jpeg\" \/>\n<meta name=\"author\" content=\"vinicius\" \/>\n<meta name=\"twitter:card\" content=\"summary_large_image\" \/>\n<meta name=\"twitter:label1\" content=\"Escrito por\" \/>\n\t<meta name=\"twitter:data1\" content=\"vinicius\" \/>\n\t<meta name=\"twitter:label2\" content=\"Est. tempo de leitura\" \/>\n\t<meta name=\"twitter:data2\" content=\"2 minutos\" \/>\n<script type=\"application\/ld+json\" class=\"yoast-schema-graph\">{\"@context\":\"https:\\\/\\\/schema.org\",\"@graph\":[{\"@type\":\"Article\",\"@id\":\"https:\\\/\\\/publicacoes.estadao.com.br\\\/guia-de-pos-mba\\\/mbas-e-pos-lato-sensu-motor-silencioso-da-transformacao-empresarial-e-nacional\\\/#article\",\"isPartOf\":{\"@id\":\"https:\\\/\\\/publicacoes.estadao.com.br\\\/guia-de-pos-mba\\\/mbas-e-pos-lato-sensu-motor-silencioso-da-transformacao-empresarial-e-nacional\\\/\"},\"author\":{\"name\":\"vinicius\",\"@id\":\"https:\\\/\\\/publicacoes.estadao.com.br\\\/guia-de-pos-mba\\\/#\\\/schema\\\/person\\\/aaa62b3b8f10d781503ada8d150bbdf2\"},\"headline\":\"MBAs e P\u00f3s lato sensu: motor silencioso da transforma\u00e7\u00e3o empresarial e nacional\",\"datePublished\":\"2025-11-28T14:33:55+00:00\",\"dateModified\":\"2025-11-29T01:06:45+00:00\",\"mainEntityOfPage\":{\"@id\":\"https:\\\/\\\/publicacoes.estadao.com.br\\\/guia-de-pos-mba\\\/mbas-e-pos-lato-sensu-motor-silencioso-da-transformacao-empresarial-e-nacional\\\/\"},\"wordCount\":504,\"commentCount\":0,\"image\":{\"@id\":\"https:\\\/\\\/publicacoes.estadao.com.br\\\/guia-de-pos-mba\\\/mbas-e-pos-lato-sensu-motor-silencioso-da-transformacao-empresarial-e-nacional\\\/#primaryimage\"},\"thumbnailUrl\":\"https:\\\/\\\/publicacoes.estadao.com.br\\\/guia-de-pos-mba\\\/wp-content\\\/uploads\\\/2024\\\/11\\\/Foto-Armando-dal-colleto.jpg\",\"articleSection\":[\"Artigos\"],\"inLanguage\":\"pt-BR\",\"potentialAction\":[{\"@type\":\"CommentAction\",\"name\":\"Comment\",\"target\":[\"https:\\\/\\\/publicacoes.estadao.com.br\\\/guia-de-pos-mba\\\/mbas-e-pos-lato-sensu-motor-silencioso-da-transformacao-empresarial-e-nacional\\\/#respond\"]}]},{\"@type\":\"WebPage\",\"@id\":\"https:\\\/\\\/publicacoes.estadao.com.br\\\/guia-de-pos-mba\\\/mbas-e-pos-lato-sensu-motor-silencioso-da-transformacao-empresarial-e-nacional\\\/\",\"url\":\"https:\\\/\\\/publicacoes.estadao.com.br\\\/guia-de-pos-mba\\\/mbas-e-pos-lato-sensu-motor-silencioso-da-transformacao-empresarial-e-nacional\\\/\",\"name\":\"MBAs e P\u00f3s lato sensu: motor silencioso da transforma\u00e7\u00e3o empresarial e nacional - Guia de P\u00d3S + MBA Estad\u00e3o 2025\",\"isPartOf\":{\"@id\":\"https:\\\/\\\/publicacoes.estadao.com.br\\\/guia-de-pos-mba\\\/#website\"},\"primaryImageOfPage\":{\"@id\":\"https:\\\/\\\/publicacoes.estadao.com.br\\\/guia-de-pos-mba\\\/mbas-e-pos-lato-sensu-motor-silencioso-da-transformacao-empresarial-e-nacional\\\/#primaryimage\"},\"image\":{\"@id\":\"https:\\\/\\\/publicacoes.estadao.com.br\\\/guia-de-pos-mba\\\/mbas-e-pos-lato-sensu-motor-silencioso-da-transformacao-empresarial-e-nacional\\\/#primaryimage\"},\"thumbnailUrl\":\"https:\\\/\\\/publicacoes.estadao.com.br\\\/guia-de-pos-mba\\\/wp-content\\\/uploads\\\/2024\\\/11\\\/Foto-Armando-dal-colleto.jpg\",\"datePublished\":\"2025-11-28T14:33:55+00:00\",\"dateModified\":\"2025-11-29T01:06:45+00:00\",\"author\":{\"@id\":\"https:\\\/\\\/publicacoes.estadao.com.br\\\/guia-de-pos-mba\\\/#\\\/schema\\\/person\\\/aaa62b3b8f10d781503ada8d150bbdf2\"},\"breadcrumb\":{\"@id\":\"https:\\\/\\\/publicacoes.estadao.com.br\\\/guia-de-pos-mba\\\/mbas-e-pos-lato-sensu-motor-silencioso-da-transformacao-empresarial-e-nacional\\\/#breadcrumb\"},\"inLanguage\":\"pt-BR\",\"potentialAction\":[{\"@type\":\"ReadAction\",\"target\":[\"https:\\\/\\\/publicacoes.estadao.com.br\\\/guia-de-pos-mba\\\/mbas-e-pos-lato-sensu-motor-silencioso-da-transformacao-empresarial-e-nacional\\\/\"]}]},{\"@type\":\"ImageObject\",\"inLanguage\":\"pt-BR\",\"@id\":\"https:\\\/\\\/publicacoes.estadao.com.br\\\/guia-de-pos-mba\\\/mbas-e-pos-lato-sensu-motor-silencioso-da-transformacao-empresarial-e-nacional\\\/#primaryimage\",\"url\":\"https:\\\/\\\/publicacoes.estadao.com.br\\\/guia-de-pos-mba\\\/wp-content\\\/uploads\\\/2024\\\/11\\\/Foto-Armando-dal-colleto.jpg\",\"contentUrl\":\"https:\\\/\\\/publicacoes.estadao.com.br\\\/guia-de-pos-mba\\\/wp-content\\\/uploads\\\/2024\\\/11\\\/Foto-Armando-dal-colleto.jpg\",\"width\":1000,\"height\":1000},{\"@type\":\"BreadcrumbList\",\"@id\":\"https:\\\/\\\/publicacoes.estadao.com.br\\\/guia-de-pos-mba\\\/mbas-e-pos-lato-sensu-motor-silencioso-da-transformacao-empresarial-e-nacional\\\/#breadcrumb\",\"itemListElement\":[{\"@type\":\"ListItem\",\"position\":1,\"name\":\"In\u00edcio\",\"item\":\"https:\\\/\\\/publicacoes.estadao.com.br\\\/guia-de-pos-mba\\\/\"},{\"@type\":\"ListItem\",\"position\":2,\"name\":\"MBAs e P\u00f3s lato sensu: motor silencioso da transforma\u00e7\u00e3o empresarial e nacional\"}]},{\"@type\":\"WebSite\",\"@id\":\"https:\\\/\\\/publicacoes.estadao.com.br\\\/guia-de-pos-mba\\\/#website\",\"url\":\"https:\\\/\\\/publicacoes.estadao.com.br\\\/guia-de-pos-mba\\\/\",\"name\":\"Guia de P\u00d3S + MBA Estad\u00e3o 2025\",\"description\":\"\",\"potentialAction\":[{\"@type\":\"SearchAction\",\"target\":{\"@type\":\"EntryPoint\",\"urlTemplate\":\"https:\\\/\\\/publicacoes.estadao.com.br\\\/guia-de-pos-mba\\\/?s={search_term_string}\"},\"query-input\":{\"@type\":\"PropertyValueSpecification\",\"valueRequired\":true,\"valueName\":\"search_term_string\"}}],\"inLanguage\":\"pt-BR\"},{\"@type\":\"Person\",\"@id\":\"https:\\\/\\\/publicacoes.estadao.com.br\\\/guia-de-pos-mba\\\/#\\\/schema\\\/person\\\/aaa62b3b8f10d781503ada8d150bbdf2\",\"name\":\"vinicius\",\"image\":{\"@type\":\"ImageObject\",\"inLanguage\":\"pt-BR\",\"@id\":\"https:\\\/\\\/secure.gravatar.com\\\/avatar\\\/3af60fb5561aed7ea3d5ee6d82e339cff659e6c8a5b4adeae091cf43d0fc064f?s=96&d=mm&r=g\",\"url\":\"https:\\\/\\\/secure.gravatar.com\\\/avatar\\\/3af60fb5561aed7ea3d5ee6d82e339cff659e6c8a5b4adeae091cf43d0fc064f?s=96&d=mm&r=g\",\"contentUrl\":\"https:\\\/\\\/secure.gravatar.com\\\/avatar\\\/3af60fb5561aed7ea3d5ee6d82e339cff659e6c8a5b4adeae091cf43d0fc064f?s=96&d=mm&r=g\",\"caption\":\"vinicius\"},\"url\":\"https:\\\/\\\/publicacoes.estadao.com.br\\\/guia-de-pos-mba\\\/author\\\/vinicius\\\/\"}]}<\/script>\n<!-- \/ Yoast SEO plugin. -->","yoast_head_json":{"title":"MBAs e P\u00f3s lato sensu: motor silencioso da transforma\u00e7\u00e3o empresarial e nacional - Guia de P\u00d3S + MBA Estad\u00e3o 2025","robots":{"index":"index","follow":"follow","max-snippet":"max-snippet:-1","max-image-preview":"max-image-preview:large","max-video-preview":"max-video-preview:-1"},"canonical":"https:\/\/publicacoes.estadao.com.br\/guia-de-pos-mba\/mbas-e-pos-lato-sensu-motor-silencioso-da-transformacao-empresarial-e-nacional\/","og_locale":"pt_BR","og_type":"article","og_title":"MBAs e P\u00f3s lato sensu: motor silencioso da transforma\u00e7\u00e3o empresarial e nacional - Guia de P\u00d3S + MBA Estad\u00e3o 2025","og_description":"O Brasil precisa de uma revolu\u00e7\u00e3o silenciosa \u2014 e ela pode come\u00e7ar dentro das salas de [&hellip;]","og_url":"https:\/\/publicacoes.estadao.com.br\/guia-de-pos-mba\/mbas-e-pos-lato-sensu-motor-silencioso-da-transformacao-empresarial-e-nacional\/","og_site_name":"Guia de P\u00d3S + MBA Estad\u00e3o 2025","article_published_time":"2025-11-28T14:33:55+00:00","article_modified_time":"2025-11-29T01:06:45+00:00","og_image":[{"width":1000,"height":1000,"url":"https:\/\/publicacoes.estadao.com.br\/guia-de-pos-mba\/wp-content\/uploads\/2024\/11\/Foto-Armando-dal-colleto.jpg","type":"image\/jpeg"}],"author":"vinicius","twitter_card":"summary_large_image","twitter_misc":{"Escrito por":"vinicius","Est. tempo de leitura":"2 minutos"},"schema":{"@context":"https:\/\/schema.org","@graph":[{"@type":"Article","@id":"https:\/\/publicacoes.estadao.com.br\/guia-de-pos-mba\/mbas-e-pos-lato-sensu-motor-silencioso-da-transformacao-empresarial-e-nacional\/#article","isPartOf":{"@id":"https:\/\/publicacoes.estadao.com.br\/guia-de-pos-mba\/mbas-e-pos-lato-sensu-motor-silencioso-da-transformacao-empresarial-e-nacional\/"},"author":{"name":"vinicius","@id":"https:\/\/publicacoes.estadao.com.br\/guia-de-pos-mba\/#\/schema\/person\/aaa62b3b8f10d781503ada8d150bbdf2"},"headline":"MBAs e P\u00f3s lato sensu: motor silencioso da transforma\u00e7\u00e3o empresarial e nacional","datePublished":"2025-11-28T14:33:55+00:00","dateModified":"2025-11-29T01:06:45+00:00","mainEntityOfPage":{"@id":"https:\/\/publicacoes.estadao.com.br\/guia-de-pos-mba\/mbas-e-pos-lato-sensu-motor-silencioso-da-transformacao-empresarial-e-nacional\/"},"wordCount":504,"commentCount":0,"image":{"@id":"https:\/\/publicacoes.estadao.com.br\/guia-de-pos-mba\/mbas-e-pos-lato-sensu-motor-silencioso-da-transformacao-empresarial-e-nacional\/#primaryimage"},"thumbnailUrl":"https:\/\/publicacoes.estadao.com.br\/guia-de-pos-mba\/wp-content\/uploads\/2024\/11\/Foto-Armando-dal-colleto.jpg","articleSection":["Artigos"],"inLanguage":"pt-BR","potentialAction":[{"@type":"CommentAction","name":"Comment","target":["https:\/\/publicacoes.estadao.com.br\/guia-de-pos-mba\/mbas-e-pos-lato-sensu-motor-silencioso-da-transformacao-empresarial-e-nacional\/#respond"]}]},{"@type":"WebPage","@id":"https:\/\/publicacoes.estadao.com.br\/guia-de-pos-mba\/mbas-e-pos-lato-sensu-motor-silencioso-da-transformacao-empresarial-e-nacional\/","url":"https:\/\/publicacoes.estadao.com.br\/guia-de-pos-mba\/mbas-e-pos-lato-sensu-motor-silencioso-da-transformacao-empresarial-e-nacional\/","name":"MBAs e P\u00f3s lato sensu: motor silencioso da transforma\u00e7\u00e3o empresarial e nacional - Guia de P\u00d3S + MBA Estad\u00e3o 2025","isPartOf":{"@id":"https:\/\/publicacoes.estadao.com.br\/guia-de-pos-mba\/#website"},"primaryImageOfPage":{"@id":"https:\/\/publicacoes.estadao.com.br\/guia-de-pos-mba\/mbas-e-pos-lato-sensu-motor-silencioso-da-transformacao-empresarial-e-nacional\/#primaryimage"},"image":{"@id":"https:\/\/publicacoes.estadao.com.br\/guia-de-pos-mba\/mbas-e-pos-lato-sensu-motor-silencioso-da-transformacao-empresarial-e-nacional\/#primaryimage"},"thumbnailUrl":"https:\/\/publicacoes.estadao.com.br\/guia-de-pos-mba\/wp-content\/uploads\/2024\/11\/Foto-Armando-dal-colleto.jpg","datePublished":"2025-11-28T14:33:55+00:00","dateModified":"2025-11-29T01:06:45+00:00","author":{"@id":"https:\/\/publicacoes.estadao.com.br\/guia-de-pos-mba\/#\/schema\/person\/aaa62b3b8f10d781503ada8d150bbdf2"},"breadcrumb":{"@id":"https:\/\/publicacoes.estadao.com.br\/guia-de-pos-mba\/mbas-e-pos-lato-sensu-motor-silencioso-da-transformacao-empresarial-e-nacional\/#breadcrumb"},"inLanguage":"pt-BR","potentialAction":[{"@type":"ReadAction","target":["https:\/\/publicacoes.estadao.com.br\/guia-de-pos-mba\/mbas-e-pos-lato-sensu-motor-silencioso-da-transformacao-empresarial-e-nacional\/"]}]},{"@type":"ImageObject","inLanguage":"pt-BR","@id":"https:\/\/publicacoes.estadao.com.br\/guia-de-pos-mba\/mbas-e-pos-lato-sensu-motor-silencioso-da-transformacao-empresarial-e-nacional\/#primaryimage","url":"https:\/\/publicacoes.estadao.com.br\/guia-de-pos-mba\/wp-content\/uploads\/2024\/11\/Foto-Armando-dal-colleto.jpg","contentUrl":"https:\/\/publicacoes.estadao.com.br\/guia-de-pos-mba\/wp-content\/uploads\/2024\/11\/Foto-Armando-dal-colleto.jpg","width":1000,"height":1000},{"@type":"BreadcrumbList","@id":"https:\/\/publicacoes.estadao.com.br\/guia-de-pos-mba\/mbas-e-pos-lato-sensu-motor-silencioso-da-transformacao-empresarial-e-nacional\/#breadcrumb","itemListElement":[{"@type":"ListItem","position":1,"name":"In\u00edcio","item":"https:\/\/publicacoes.estadao.com.br\/guia-de-pos-mba\/"},{"@type":"ListItem","position":2,"name":"MBAs e P\u00f3s lato sensu: motor silencioso da transforma\u00e7\u00e3o empresarial e nacional"}]},{"@type":"WebSite","@id":"https:\/\/publicacoes.estadao.com.br\/guia-de-pos-mba\/#website","url":"https:\/\/publicacoes.estadao.com.br\/guia-de-pos-mba\/","name":"Guia de P\u00d3S + MBA Estad\u00e3o 2025","description":"","potentialAction":[{"@type":"SearchAction","target":{"@type":"EntryPoint","urlTemplate":"https:\/\/publicacoes.estadao.com.br\/guia-de-pos-mba\/?s={search_term_string}"},"query-input":{"@type":"PropertyValueSpecification","valueRequired":true,"valueName":"search_term_string"}}],"inLanguage":"pt-BR"},{"@type":"Person","@id":"https:\/\/publicacoes.estadao.com.br\/guia-de-pos-mba\/#\/schema\/person\/aaa62b3b8f10d781503ada8d150bbdf2","name":"vinicius","image":{"@type":"ImageObject","inLanguage":"pt-BR","@id":"https:\/\/secure.gravatar.com\/avatar\/3af60fb5561aed7ea3d5ee6d82e339cff659e6c8a5b4adeae091cf43d0fc064f?s=96&d=mm&r=g","url":"https:\/\/secure.gravatar.com\/avatar\/3af60fb5561aed7ea3d5ee6d82e339cff659e6c8a5b4adeae091cf43d0fc064f?s=96&d=mm&r=g","contentUrl":"https:\/\/secure.gravatar.com\/avatar\/3af60fb5561aed7ea3d5ee6d82e339cff659e6c8a5b4adeae091cf43d0fc064f?s=96&d=mm&r=g","caption":"vinicius"},"url":"https:\/\/publicacoes.estadao.com.br\/guia-de-pos-mba\/author\/vinicius\/"}]}},"_links":{"self":[{"href":"https:\/\/publicacoes.estadao.com.br\/guia-de-pos-mba\/wp-json\/wp\/v2\/posts\/17087","targetHints":{"allow":["GET"]}}],"collection":[{"href":"https:\/\/publicacoes.estadao.com.br\/guia-de-pos-mba\/wp-json\/wp\/v2\/posts"}],"about":[{"href":"https:\/\/publicacoes.estadao.com.br\/guia-de-pos-mba\/wp-json\/wp\/v2\/types\/post"}],"author":[{"embeddable":true,"href":"https:\/\/publicacoes.estadao.com.br\/guia-de-pos-mba\/wp-json\/wp\/v2\/users\/3"}],"replies":[{"embeddable":true,"href":"https:\/\/publicacoes.estadao.com.br\/guia-de-pos-mba\/wp-json\/wp\/v2\/comments?post=17087"}],"version-history":[{"count":3,"href":"https:\/\/publicacoes.estadao.com.br\/guia-de-pos-mba\/wp-json\/wp\/v2\/posts\/17087\/revisions"}],"predecessor-version":[{"id":18331,"href":"https:\/\/publicacoes.estadao.com.br\/guia-de-pos-mba\/wp-json\/wp\/v2\/posts\/17087\/revisions\/18331"}],"wp:featuredmedia":[{"embeddable":true,"href":"https:\/\/publicacoes.estadao.com.br\/guia-de-pos-mba\/wp-json\/wp\/v2\/media\/16899"}],"wp:attachment":[{"href":"https:\/\/publicacoes.estadao.com.br\/guia-de-pos-mba\/wp-json\/wp\/v2\/media?parent=17087"}],"wp:term":[{"taxonomy":"category","embeddable":true,"href":"https:\/\/publicacoes.estadao.com.br\/guia-de-pos-mba\/wp-json\/wp\/v2\/categories?post=17087"},{"taxonomy":"post_tag","embeddable":true,"href":"https:\/\/publicacoes.estadao.com.br\/guia-de-pos-mba\/wp-json\/wp\/v2\/tags?post=17087"}],"curies":[{"name":"wp","href":"https:\/\/api.w.org\/{rel}","templated":true}]}}