{"id":17084,"date":"2025-11-28T11:30:10","date_gmt":"2025-11-28T14:30:10","guid":{"rendered":"https:\/\/webapp408399.ip-23-239-29-230.cloudezapp.io\/?p=17084"},"modified":"2025-11-28T22:36:25","modified_gmt":"2025-11-29T01:36:25","slug":"por-que-a-delegacao-deve-estar-no-centro-dos-programas-executivos-de-mba","status":"publish","type":"post","link":"https:\/\/publicacoes.estadao.com.br\/guia-de-pos-mba\/por-que-a-delegacao-deve-estar-no-centro-dos-programas-executivos-de-mba\/","title":{"rendered":"A arte de delegar no centro dos cursos de MBA"},"content":{"rendered":"<p class=\"p1\">Os programas executivos de MBA t\u00eam, h\u00e1 anos, o objetivo de preparar l\u00edderes capazes de atuar em ambientes complexos, competitivos e em constante transforma\u00e7\u00e3o. Contudo, a realidade das organiza\u00e7\u00f5es contempor\u00e2neas mostra que o dom\u00ednio t\u00e9cnico e a capacidade anal\u00edtica, por si s\u00f3s, j\u00e1 n\u00e3o s\u00e3o suficientes para sustentar resultados consistentes. A lideran\u00e7a exige uma combina\u00e7\u00e3o de pensamento estrat\u00e9gico, gest\u00e3o de equipes e habilidades socioemocionais \u2014 as chamadas <i>soft skills<\/i>. Entre elas, uma se destaca pela sua capacidade de ampliar o impacto do l\u00edder e fortalecer a maturidade organizacional: a capacidade de delegar.<\/p>\n<p class=\"p1\">Esse processo n\u00e3o consiste apenas em distribuir tarefas. Envolve confian\u00e7a, orienta\u00e7\u00e3o, desenvolvimento e responsabiliza\u00e7\u00e3o. Quando l\u00edderes deixam de delegar, acabam centralizando decis\u00f5es, acumulando demandas operacionais e se distanciando do seu papel estrat\u00e9gico. J\u00e1 quando delegam de forma estruturada, criam ambientes de aprendizagem cont\u00ednua, estimulam autonomia e fortalecem o senso de protagonismo nas equipes.<\/p>\n<p class=\"p1\">Esse movimento \u00e9 reconhecido globalmente. Em iniciativas apresentadas por escolas como Penn State (EUA), Rotman (Canad\u00e1) e Iese (Espanha), observa-se um esfor\u00e7o deliberado para formar l\u00edderes capazes de construir times fortes, compartilhar decis\u00f5es e engajar <i>stakeholders<\/i>. Ou seja, \u2018delegar\u2019 deixa de ser um ato individual e passa a ser uma compet\u00eancia organizacional.<\/p>\n<p class=\"p1\">Ainda assim, muitos executivos chegam aos programas de MBA com modelos mentais baseados na centraliza\u00e7\u00e3o, fruto de trajet\u00f3rias em que o destaque profissional foi associado ao \u201cfazer pessoalmente\u201d. Por isso, incluir a delega\u00e7\u00e3o como <i>skill <\/i>estruturada no curr\u00edculo significa reeducar a lideran\u00e7a, promovendo uma transi\u00e7\u00e3o do papel do executor para o papel de formador e multiplicador de capacidades.<\/p>\n<p><strong>Para isso, os programas precisam ir al\u00e9m da teoria e trabalhar a delega\u00e7\u00e3o em processos pr\u00e1ticos, como:<\/strong><\/p>\n<p><strong>\u00a0 \u2022<\/strong> defini\u00e7\u00e3o clara de expectativas e resultados;<\/p>\n<p><strong>\u00a0 \u2022<\/strong> leitura de perfil e potencial da equipe;<\/p>\n<p><strong>\u00a0 \u2022<\/strong> comunica\u00e7\u00e3o assertiva e <i>feedback<\/i> cont\u00ednuo;<\/p>\n<p><strong>\u00a0 \u2022<\/strong> acompanhamento sem microgest\u00e3o;<\/p>\n<p><strong>\u00a0 \u2022<\/strong> reconhecimento e refor\u00e7o positivo.<\/p>\n<p class=\"p1\">Ao integrar essa habilidade ao cotidiano pedag\u00f3gico, o MBA ajuda o l\u00edder a desenvolver times capazes de pensar, decidir e agir, tornando a organiza\u00e7\u00e3o mais adapt\u00e1vel, \u00e1gil e inovadora.<\/p>\n<p class=\"p1\">Delegar \u00e9, portanto, um ato de coragem e vis\u00e3o. \u00c9 abrir espa\u00e7o para que outros cres\u00e7am \u00e9 crescer junto. Se programas executivos desejam formar l\u00edderes de impacto, a delega\u00e7\u00e3o precisa deixar de ser tratada como apenas um detalhe e assumir seu lugar como pilar essencial da lideran\u00e7a contempor\u00e2nea.<\/p>\n<div style=\"margin: 0 auto;\">\n<figure style=\"display: inline-block; border-radius: 30px; max-width: 175px;\"><img loading=\"lazy\" decoding=\"async\" class=\"alignnone size-full wp-image-17090\" style=\"border-radius: 30px;\" src=\"https:\/\/webapp408399.ip-23-239-29-230.cloudezapp.io\/wp-content\/uploads\/2025\/11\/alessandra1-300x300.jpg\" alt=\"\" width=\"300\" height=\"300\" srcset=\"https:\/\/publicacoes.estadao.com.br\/guia-de-pos-mba\/wp-content\/uploads\/2025\/11\/alessandra1-300x300.jpg 300w, https:\/\/publicacoes.estadao.com.br\/guia-de-pos-mba\/wp-content\/uploads\/2025\/11\/alessandra1-150x150.jpg 150w, https:\/\/publicacoes.estadao.com.br\/guia-de-pos-mba\/wp-content\/uploads\/2025\/11\/alessandra1-125x125.jpg 125w, https:\/\/publicacoes.estadao.com.br\/guia-de-pos-mba\/wp-content\/uploads\/2025\/11\/alessandra1-340x340.jpg 340w, https:\/\/publicacoes.estadao.com.br\/guia-de-pos-mba\/wp-content\/uploads\/2025\/11\/alessandra1.jpg 400w\" sizes=\"auto, (max-width: 300px) 100vw, 300px\" \/><\/figure>\n<p style=\"display: inline-block; max-width: 540px; vertical-align: top; padding-left: 50px; padding-top: 40px;\"><strong>Alessandra Maciel, \u2013 Ph.D<\/strong><br \/>\nPresidente do Conselho da ANAMBA<br \/>\nProf. do Programa de Mestrado AGTU-EUA e MBA na ESPM<\/p>\n<\/div>\n","protected":false},"excerpt":{"rendered":"<p>Os programas executivos de MBA t\u00eam, h\u00e1 anos, o objetivo de preparar l\u00edderes capazes de atuar [&hellip;]<\/p>\n","protected":false},"author":3,"featured_media":17090,"comment_status":"open","ping_status":"open","sticky":false,"template":"","format":"standard","meta":{"_acf_changed":false,"footnotes":""},"categories":[2],"tags":[],"class_list":["post-17084","post","type-post","status-publish","format-standard","has-post-thumbnail","hentry","category-artigos"],"acf":[],"yoast_head":"<!-- This site is optimized with the Yoast SEO plugin v27.3 - https:\/\/yoast.com\/product\/yoast-seo-wordpress\/ -->\n<title>A arte de delegar no centro dos cursos de MBA - Guia de P\u00d3S + MBA Estad\u00e3o 2025<\/title>\n<meta name=\"robots\" content=\"index, follow, max-snippet:-1, max-image-preview:large, max-video-preview:-1\" \/>\n<link rel=\"canonical\" href=\"https:\/\/publicacoes.estadao.com.br\/guia-de-pos-mba\/por-que-a-delegacao-deve-estar-no-centro-dos-programas-executivos-de-mba\/\" \/>\n<meta property=\"og:locale\" content=\"pt_BR\" \/>\n<meta property=\"og:type\" content=\"article\" \/>\n<meta property=\"og:title\" content=\"A arte de delegar no centro dos cursos de MBA - Guia de P\u00d3S + MBA Estad\u00e3o 2025\" \/>\n<meta property=\"og:description\" content=\"Os programas executivos de MBA t\u00eam, h\u00e1 anos, o objetivo de preparar l\u00edderes capazes de atuar [&hellip;]\" \/>\n<meta property=\"og:url\" content=\"https:\/\/publicacoes.estadao.com.br\/guia-de-pos-mba\/por-que-a-delegacao-deve-estar-no-centro-dos-programas-executivos-de-mba\/\" \/>\n<meta property=\"og:site_name\" content=\"Guia de P\u00d3S + MBA Estad\u00e3o 2025\" \/>\n<meta property=\"article:published_time\" content=\"2025-11-28T14:30:10+00:00\" \/>\n<meta property=\"article:modified_time\" content=\"2025-11-29T01:36:25+00:00\" \/>\n<meta property=\"og:image\" content=\"https:\/\/publicacoes.estadao.com.br\/guia-de-pos-mba\/wp-content\/uploads\/2025\/11\/alessandra1.jpg\" \/>\n\t<meta property=\"og:image:width\" content=\"400\" \/>\n\t<meta property=\"og:image:height\" content=\"400\" \/>\n\t<meta property=\"og:image:type\" content=\"image\/jpeg\" \/>\n<meta name=\"author\" content=\"vinicius\" \/>\n<meta name=\"twitter:card\" content=\"summary_large_image\" \/>\n<meta name=\"twitter:label1\" content=\"Escrito por\" \/>\n\t<meta name=\"twitter:data1\" content=\"vinicius\" \/>\n\t<meta name=\"twitter:label2\" content=\"Est. tempo de leitura\" \/>\n\t<meta name=\"twitter:data2\" content=\"2 minutos\" \/>\n<script type=\"application\/ld+json\" class=\"yoast-schema-graph\">{\"@context\":\"https:\\\/\\\/schema.org\",\"@graph\":[{\"@type\":\"Article\",\"@id\":\"https:\\\/\\\/publicacoes.estadao.com.br\\\/guia-de-pos-mba\\\/por-que-a-delegacao-deve-estar-no-centro-dos-programas-executivos-de-mba\\\/#article\",\"isPartOf\":{\"@id\":\"https:\\\/\\\/publicacoes.estadao.com.br\\\/guia-de-pos-mba\\\/por-que-a-delegacao-deve-estar-no-centro-dos-programas-executivos-de-mba\\\/\"},\"author\":{\"name\":\"vinicius\",\"@id\":\"https:\\\/\\\/publicacoes.estadao.com.br\\\/guia-de-pos-mba\\\/#\\\/schema\\\/person\\\/aaa62b3b8f10d781503ada8d150bbdf2\"},\"headline\":\"A arte de delegar no centro dos cursos de MBA\",\"datePublished\":\"2025-11-28T14:30:10+00:00\",\"dateModified\":\"2025-11-29T01:36:25+00:00\",\"mainEntityOfPage\":{\"@id\":\"https:\\\/\\\/publicacoes.estadao.com.br\\\/guia-de-pos-mba\\\/por-que-a-delegacao-deve-estar-no-centro-dos-programas-executivos-de-mba\\\/\"},\"wordCount\":451,\"commentCount\":0,\"image\":{\"@id\":\"https:\\\/\\\/publicacoes.estadao.com.br\\\/guia-de-pos-mba\\\/por-que-a-delegacao-deve-estar-no-centro-dos-programas-executivos-de-mba\\\/#primaryimage\"},\"thumbnailUrl\":\"https:\\\/\\\/publicacoes.estadao.com.br\\\/guia-de-pos-mba\\\/wp-content\\\/uploads\\\/2025\\\/11\\\/alessandra1.jpg\",\"articleSection\":[\"Artigos\"],\"inLanguage\":\"pt-BR\",\"potentialAction\":[{\"@type\":\"CommentAction\",\"name\":\"Comment\",\"target\":[\"https:\\\/\\\/publicacoes.estadao.com.br\\\/guia-de-pos-mba\\\/por-que-a-delegacao-deve-estar-no-centro-dos-programas-executivos-de-mba\\\/#respond\"]}]},{\"@type\":\"WebPage\",\"@id\":\"https:\\\/\\\/publicacoes.estadao.com.br\\\/guia-de-pos-mba\\\/por-que-a-delegacao-deve-estar-no-centro-dos-programas-executivos-de-mba\\\/\",\"url\":\"https:\\\/\\\/publicacoes.estadao.com.br\\\/guia-de-pos-mba\\\/por-que-a-delegacao-deve-estar-no-centro-dos-programas-executivos-de-mba\\\/\",\"name\":\"A arte de delegar no centro dos cursos de MBA - Guia de P\u00d3S + MBA Estad\u00e3o 2025\",\"isPartOf\":{\"@id\":\"https:\\\/\\\/publicacoes.estadao.com.br\\\/guia-de-pos-mba\\\/#website\"},\"primaryImageOfPage\":{\"@id\":\"https:\\\/\\\/publicacoes.estadao.com.br\\\/guia-de-pos-mba\\\/por-que-a-delegacao-deve-estar-no-centro-dos-programas-executivos-de-mba\\\/#primaryimage\"},\"image\":{\"@id\":\"https:\\\/\\\/publicacoes.estadao.com.br\\\/guia-de-pos-mba\\\/por-que-a-delegacao-deve-estar-no-centro-dos-programas-executivos-de-mba\\\/#primaryimage\"},\"thumbnailUrl\":\"https:\\\/\\\/publicacoes.estadao.com.br\\\/guia-de-pos-mba\\\/wp-content\\\/uploads\\\/2025\\\/11\\\/alessandra1.jpg\",\"datePublished\":\"2025-11-28T14:30:10+00:00\",\"dateModified\":\"2025-11-29T01:36:25+00:00\",\"author\":{\"@id\":\"https:\\\/\\\/publicacoes.estadao.com.br\\\/guia-de-pos-mba\\\/#\\\/schema\\\/person\\\/aaa62b3b8f10d781503ada8d150bbdf2\"},\"breadcrumb\":{\"@id\":\"https:\\\/\\\/publicacoes.estadao.com.br\\\/guia-de-pos-mba\\\/por-que-a-delegacao-deve-estar-no-centro-dos-programas-executivos-de-mba\\\/#breadcrumb\"},\"inLanguage\":\"pt-BR\",\"potentialAction\":[{\"@type\":\"ReadAction\",\"target\":[\"https:\\\/\\\/publicacoes.estadao.com.br\\\/guia-de-pos-mba\\\/por-que-a-delegacao-deve-estar-no-centro-dos-programas-executivos-de-mba\\\/\"]}]},{\"@type\":\"ImageObject\",\"inLanguage\":\"pt-BR\",\"@id\":\"https:\\\/\\\/publicacoes.estadao.com.br\\\/guia-de-pos-mba\\\/por-que-a-delegacao-deve-estar-no-centro-dos-programas-executivos-de-mba\\\/#primaryimage\",\"url\":\"https:\\\/\\\/publicacoes.estadao.com.br\\\/guia-de-pos-mba\\\/wp-content\\\/uploads\\\/2025\\\/11\\\/alessandra1.jpg\",\"contentUrl\":\"https:\\\/\\\/publicacoes.estadao.com.br\\\/guia-de-pos-mba\\\/wp-content\\\/uploads\\\/2025\\\/11\\\/alessandra1.jpg\",\"width\":400,\"height\":400},{\"@type\":\"BreadcrumbList\",\"@id\":\"https:\\\/\\\/publicacoes.estadao.com.br\\\/guia-de-pos-mba\\\/por-que-a-delegacao-deve-estar-no-centro-dos-programas-executivos-de-mba\\\/#breadcrumb\",\"itemListElement\":[{\"@type\":\"ListItem\",\"position\":1,\"name\":\"In\u00edcio\",\"item\":\"https:\\\/\\\/publicacoes.estadao.com.br\\\/guia-de-pos-mba\\\/\"},{\"@type\":\"ListItem\",\"position\":2,\"name\":\"A arte de delegar no centro dos cursos de MBA\"}]},{\"@type\":\"WebSite\",\"@id\":\"https:\\\/\\\/publicacoes.estadao.com.br\\\/guia-de-pos-mba\\\/#website\",\"url\":\"https:\\\/\\\/publicacoes.estadao.com.br\\\/guia-de-pos-mba\\\/\",\"name\":\"Guia de P\u00d3S + MBA Estad\u00e3o 2025\",\"description\":\"\",\"potentialAction\":[{\"@type\":\"SearchAction\",\"target\":{\"@type\":\"EntryPoint\",\"urlTemplate\":\"https:\\\/\\\/publicacoes.estadao.com.br\\\/guia-de-pos-mba\\\/?s={search_term_string}\"},\"query-input\":{\"@type\":\"PropertyValueSpecification\",\"valueRequired\":true,\"valueName\":\"search_term_string\"}}],\"inLanguage\":\"pt-BR\"},{\"@type\":\"Person\",\"@id\":\"https:\\\/\\\/publicacoes.estadao.com.br\\\/guia-de-pos-mba\\\/#\\\/schema\\\/person\\\/aaa62b3b8f10d781503ada8d150bbdf2\",\"name\":\"vinicius\",\"image\":{\"@type\":\"ImageObject\",\"inLanguage\":\"pt-BR\",\"@id\":\"https:\\\/\\\/secure.gravatar.com\\\/avatar\\\/3af60fb5561aed7ea3d5ee6d82e339cff659e6c8a5b4adeae091cf43d0fc064f?s=96&d=mm&r=g\",\"url\":\"https:\\\/\\\/secure.gravatar.com\\\/avatar\\\/3af60fb5561aed7ea3d5ee6d82e339cff659e6c8a5b4adeae091cf43d0fc064f?s=96&d=mm&r=g\",\"contentUrl\":\"https:\\\/\\\/secure.gravatar.com\\\/avatar\\\/3af60fb5561aed7ea3d5ee6d82e339cff659e6c8a5b4adeae091cf43d0fc064f?s=96&d=mm&r=g\",\"caption\":\"vinicius\"},\"url\":\"https:\\\/\\\/publicacoes.estadao.com.br\\\/guia-de-pos-mba\\\/author\\\/vinicius\\\/\"}]}<\/script>\n<!-- \/ Yoast SEO plugin. -->","yoast_head_json":{"title":"A arte de delegar no centro dos cursos de MBA - Guia de P\u00d3S + MBA Estad\u00e3o 2025","robots":{"index":"index","follow":"follow","max-snippet":"max-snippet:-1","max-image-preview":"max-image-preview:large","max-video-preview":"max-video-preview:-1"},"canonical":"https:\/\/publicacoes.estadao.com.br\/guia-de-pos-mba\/por-que-a-delegacao-deve-estar-no-centro-dos-programas-executivos-de-mba\/","og_locale":"pt_BR","og_type":"article","og_title":"A arte de delegar no centro dos cursos de MBA - Guia de P\u00d3S + MBA Estad\u00e3o 2025","og_description":"Os programas executivos de MBA t\u00eam, h\u00e1 anos, o objetivo de preparar l\u00edderes capazes de atuar [&hellip;]","og_url":"https:\/\/publicacoes.estadao.com.br\/guia-de-pos-mba\/por-que-a-delegacao-deve-estar-no-centro-dos-programas-executivos-de-mba\/","og_site_name":"Guia de P\u00d3S + MBA Estad\u00e3o 2025","article_published_time":"2025-11-28T14:30:10+00:00","article_modified_time":"2025-11-29T01:36:25+00:00","og_image":[{"width":400,"height":400,"url":"https:\/\/publicacoes.estadao.com.br\/guia-de-pos-mba\/wp-content\/uploads\/2025\/11\/alessandra1.jpg","type":"image\/jpeg"}],"author":"vinicius","twitter_card":"summary_large_image","twitter_misc":{"Escrito por":"vinicius","Est. tempo de leitura":"2 minutos"},"schema":{"@context":"https:\/\/schema.org","@graph":[{"@type":"Article","@id":"https:\/\/publicacoes.estadao.com.br\/guia-de-pos-mba\/por-que-a-delegacao-deve-estar-no-centro-dos-programas-executivos-de-mba\/#article","isPartOf":{"@id":"https:\/\/publicacoes.estadao.com.br\/guia-de-pos-mba\/por-que-a-delegacao-deve-estar-no-centro-dos-programas-executivos-de-mba\/"},"author":{"name":"vinicius","@id":"https:\/\/publicacoes.estadao.com.br\/guia-de-pos-mba\/#\/schema\/person\/aaa62b3b8f10d781503ada8d150bbdf2"},"headline":"A arte de delegar no centro dos cursos de MBA","datePublished":"2025-11-28T14:30:10+00:00","dateModified":"2025-11-29T01:36:25+00:00","mainEntityOfPage":{"@id":"https:\/\/publicacoes.estadao.com.br\/guia-de-pos-mba\/por-que-a-delegacao-deve-estar-no-centro-dos-programas-executivos-de-mba\/"},"wordCount":451,"commentCount":0,"image":{"@id":"https:\/\/publicacoes.estadao.com.br\/guia-de-pos-mba\/por-que-a-delegacao-deve-estar-no-centro-dos-programas-executivos-de-mba\/#primaryimage"},"thumbnailUrl":"https:\/\/publicacoes.estadao.com.br\/guia-de-pos-mba\/wp-content\/uploads\/2025\/11\/alessandra1.jpg","articleSection":["Artigos"],"inLanguage":"pt-BR","potentialAction":[{"@type":"CommentAction","name":"Comment","target":["https:\/\/publicacoes.estadao.com.br\/guia-de-pos-mba\/por-que-a-delegacao-deve-estar-no-centro-dos-programas-executivos-de-mba\/#respond"]}]},{"@type":"WebPage","@id":"https:\/\/publicacoes.estadao.com.br\/guia-de-pos-mba\/por-que-a-delegacao-deve-estar-no-centro-dos-programas-executivos-de-mba\/","url":"https:\/\/publicacoes.estadao.com.br\/guia-de-pos-mba\/por-que-a-delegacao-deve-estar-no-centro-dos-programas-executivos-de-mba\/","name":"A arte de delegar no centro dos cursos de MBA - Guia de P\u00d3S + MBA Estad\u00e3o 2025","isPartOf":{"@id":"https:\/\/publicacoes.estadao.com.br\/guia-de-pos-mba\/#website"},"primaryImageOfPage":{"@id":"https:\/\/publicacoes.estadao.com.br\/guia-de-pos-mba\/por-que-a-delegacao-deve-estar-no-centro-dos-programas-executivos-de-mba\/#primaryimage"},"image":{"@id":"https:\/\/publicacoes.estadao.com.br\/guia-de-pos-mba\/por-que-a-delegacao-deve-estar-no-centro-dos-programas-executivos-de-mba\/#primaryimage"},"thumbnailUrl":"https:\/\/publicacoes.estadao.com.br\/guia-de-pos-mba\/wp-content\/uploads\/2025\/11\/alessandra1.jpg","datePublished":"2025-11-28T14:30:10+00:00","dateModified":"2025-11-29T01:36:25+00:00","author":{"@id":"https:\/\/publicacoes.estadao.com.br\/guia-de-pos-mba\/#\/schema\/person\/aaa62b3b8f10d781503ada8d150bbdf2"},"breadcrumb":{"@id":"https:\/\/publicacoes.estadao.com.br\/guia-de-pos-mba\/por-que-a-delegacao-deve-estar-no-centro-dos-programas-executivos-de-mba\/#breadcrumb"},"inLanguage":"pt-BR","potentialAction":[{"@type":"ReadAction","target":["https:\/\/publicacoes.estadao.com.br\/guia-de-pos-mba\/por-que-a-delegacao-deve-estar-no-centro-dos-programas-executivos-de-mba\/"]}]},{"@type":"ImageObject","inLanguage":"pt-BR","@id":"https:\/\/publicacoes.estadao.com.br\/guia-de-pos-mba\/por-que-a-delegacao-deve-estar-no-centro-dos-programas-executivos-de-mba\/#primaryimage","url":"https:\/\/publicacoes.estadao.com.br\/guia-de-pos-mba\/wp-content\/uploads\/2025\/11\/alessandra1.jpg","contentUrl":"https:\/\/publicacoes.estadao.com.br\/guia-de-pos-mba\/wp-content\/uploads\/2025\/11\/alessandra1.jpg","width":400,"height":400},{"@type":"BreadcrumbList","@id":"https:\/\/publicacoes.estadao.com.br\/guia-de-pos-mba\/por-que-a-delegacao-deve-estar-no-centro-dos-programas-executivos-de-mba\/#breadcrumb","itemListElement":[{"@type":"ListItem","position":1,"name":"In\u00edcio","item":"https:\/\/publicacoes.estadao.com.br\/guia-de-pos-mba\/"},{"@type":"ListItem","position":2,"name":"A arte de delegar no centro dos cursos de MBA"}]},{"@type":"WebSite","@id":"https:\/\/publicacoes.estadao.com.br\/guia-de-pos-mba\/#website","url":"https:\/\/publicacoes.estadao.com.br\/guia-de-pos-mba\/","name":"Guia de P\u00d3S + MBA Estad\u00e3o 2025","description":"","potentialAction":[{"@type":"SearchAction","target":{"@type":"EntryPoint","urlTemplate":"https:\/\/publicacoes.estadao.com.br\/guia-de-pos-mba\/?s={search_term_string}"},"query-input":{"@type":"PropertyValueSpecification","valueRequired":true,"valueName":"search_term_string"}}],"inLanguage":"pt-BR"},{"@type":"Person","@id":"https:\/\/publicacoes.estadao.com.br\/guia-de-pos-mba\/#\/schema\/person\/aaa62b3b8f10d781503ada8d150bbdf2","name":"vinicius","image":{"@type":"ImageObject","inLanguage":"pt-BR","@id":"https:\/\/secure.gravatar.com\/avatar\/3af60fb5561aed7ea3d5ee6d82e339cff659e6c8a5b4adeae091cf43d0fc064f?s=96&d=mm&r=g","url":"https:\/\/secure.gravatar.com\/avatar\/3af60fb5561aed7ea3d5ee6d82e339cff659e6c8a5b4adeae091cf43d0fc064f?s=96&d=mm&r=g","contentUrl":"https:\/\/secure.gravatar.com\/avatar\/3af60fb5561aed7ea3d5ee6d82e339cff659e6c8a5b4adeae091cf43d0fc064f?s=96&d=mm&r=g","caption":"vinicius"},"url":"https:\/\/publicacoes.estadao.com.br\/guia-de-pos-mba\/author\/vinicius\/"}]}},"_links":{"self":[{"href":"https:\/\/publicacoes.estadao.com.br\/guia-de-pos-mba\/wp-json\/wp\/v2\/posts\/17084","targetHints":{"allow":["GET"]}}],"collection":[{"href":"https:\/\/publicacoes.estadao.com.br\/guia-de-pos-mba\/wp-json\/wp\/v2\/posts"}],"about":[{"href":"https:\/\/publicacoes.estadao.com.br\/guia-de-pos-mba\/wp-json\/wp\/v2\/types\/post"}],"author":[{"embeddable":true,"href":"https:\/\/publicacoes.estadao.com.br\/guia-de-pos-mba\/wp-json\/wp\/v2\/users\/3"}],"replies":[{"embeddable":true,"href":"https:\/\/publicacoes.estadao.com.br\/guia-de-pos-mba\/wp-json\/wp\/v2\/comments?post=17084"}],"version-history":[{"count":6,"href":"https:\/\/publicacoes.estadao.com.br\/guia-de-pos-mba\/wp-json\/wp\/v2\/posts\/17084\/revisions"}],"predecessor-version":[{"id":18342,"href":"https:\/\/publicacoes.estadao.com.br\/guia-de-pos-mba\/wp-json\/wp\/v2\/posts\/17084\/revisions\/18342"}],"wp:featuredmedia":[{"embeddable":true,"href":"https:\/\/publicacoes.estadao.com.br\/guia-de-pos-mba\/wp-json\/wp\/v2\/media\/17090"}],"wp:attachment":[{"href":"https:\/\/publicacoes.estadao.com.br\/guia-de-pos-mba\/wp-json\/wp\/v2\/media?parent=17084"}],"wp:term":[{"taxonomy":"category","embeddable":true,"href":"https:\/\/publicacoes.estadao.com.br\/guia-de-pos-mba\/wp-json\/wp\/v2\/categories?post=17084"},{"taxonomy":"post_tag","embeddable":true,"href":"https:\/\/publicacoes.estadao.com.br\/guia-de-pos-mba\/wp-json\/wp\/v2\/tags?post=17084"}],"curies":[{"name":"wp","href":"https:\/\/api.w.org\/{rel}","templated":true}]}}