{"id":884936,"date":"2025-11-11T18:15:39","date_gmt":"2025-11-11T21:15:39","guid":{"rendered":"https:\/\/publicacoes.estadao.com.br\/guia-de-colegios\/?p=884936"},"modified":"2025-11-14T18:19:44","modified_gmt":"2025-11-14T21:19:44","slug":"enem-2025-tem-27-de-abstencao-no-primeiro-dia","status":"publish","type":"post","link":"https:\/\/publicacoes.estadao.com.br\/guia-de-colegios\/enem-2025-tem-27-de-abstencao-no-primeiro-dia\/","title":{"rendered":"Enem 2025 tem 27% de absten\u00e7\u00e3o no primeiro dia"},"content":{"rendered":"<p><strong>Adriana Victorino &#8211; editada por Mariana Collini<\/strong><\/p>\n<p>O primeiro dia do Exame Nacional do Ensino M\u00e9dio (Enem) 2025, realizado neste domingo, 9, foi marcado por temas sociais e culturais. As provas de Linguagens, C\u00f3digos e suas Tecnologias e Ci\u00eancias Humanas trouxeram quest\u00f5es sobre varia\u00e7\u00e3o lingu\u00edstica, representatividade negra, mitologia grega e press\u00e3o est\u00e9tica sobre mulheres. O tema da reda\u00e7\u00e3o foi &#8220;Perspectivas acerca do envelhecimento na sociedade brasileira&#8221;.<\/p>\n<!-- In\u00edcio Arroba Banner 300x600 --><div class='banner banner_body_300x600'>\n            <p>Publicidade<\/p>\n            <div id='div-gpt-ad-1664301697974-0' style='min-width: 300px; min-height: 640px;'>\n              <script>\n                googletag.cmd.push(function() { googletag.display('div-gpt-ad-1664301697974-0'); });\n              <\/script>\n            <\/div>\n          <\/div><!-- Fim Banner 300x600 --> <p>Em coletiva de imprensa, o ministro da Educa\u00e7\u00e3o, Camilo Santana, destacou que o exame ocorreu &#8220;sem ocorr\u00eancias significativas&#8221; e elogiou o trabalho das equipes envolvidas. &#8220;Tivemos aplica\u00e7\u00e3o em todo o Pa\u00eds sem ocorr\u00eancias significativas. Foi um dia tranquilo. Todos os malotes foram entregues 100% em todos os locais de aplica\u00e7\u00e3o&#8221;, afirmou.<\/p>\n<p>O gabarito oficial do primeiro dia ser\u00e1 divulgado na quinta-feira, 13 de novembro, e o resultado final, em janeiro de 2026.<\/p>\n<p>Santana informou que 4,8 milh\u00f5es de estudantes tiveram a inscri\u00e7\u00e3o confirmada nesta edi\u00e7\u00e3o, e 73% compareceram ao primeiro dia de prova, enquanto a absten\u00e7\u00e3o foi de 27%, \u00edndice pr\u00f3ximo ao registrado em 2024. O exame foi aplicado em 1.805 munic\u00edpios, com 11.791 locais de prova e 164.906 salas, mobilizando mais de 300 mil pessoas.<\/p>\n<p>Entre as novidades deste ano, o ministro destacou o retorno da certifica\u00e7\u00e3o do ensino m\u00e9dio pelo Enem, que permite obter o diploma com nota m\u00ednima de 5.450 pontos. &#8220;Mais de 98 mil solicitaram a certifica\u00e7\u00e3o na sua inscri\u00e7\u00e3o&#8221;, disse. Outra mudan\u00e7a foi a inscri\u00e7\u00e3o pr\u00e9-preenchida para estudantes do terceiro ano do ensino m\u00e9dio e o uso do sistema que agrupa quest\u00f5es a partir de um mesmo texto.<\/p>\n<p>Camilo Santana tamb\u00e9m informou que 3.240 participantes foram eliminados por motivos diversos, como portar equipamentos eletr\u00f4nicos, deixar o local com o caderno de quest\u00f5es antes do tempo permitido ou descumprir orienta\u00e7\u00f5es dos fiscais.<\/p>\n<p>O ministro comunicou que a reaplica\u00e7\u00e3o do Enem est\u00e1 marcada para os dias 16 e 17 de dezembro. O novo exame ser\u00e1 destinado a participantes que enfrentaram problemas log\u00edsticos durante a aplica\u00e7\u00e3o, a estudantes com doen\u00e7as previstas em edital e aos alunos do Paran\u00e1 afetados pelas fortes chuvas no munic\u00edpio de Rio Bonito do Igua\u00e7u (PR).<\/p>\n<p>&#8220;Todos aqueles que quiserem fazer a reaplica\u00e7\u00e3o ter\u00e3o o direito de participar. Nosso prazo para solicitar vai de 17 a 21 de novembro, na p\u00e1gina do participante&#8221;, destacou Camilo Santana, que tamb\u00e9m expressou solidariedade ao estado.<\/p>\n<p>Nas cidades de Bel\u00e9m, Ananindeua e Marituba, no Par\u00e1, as provas ser\u00e3o aplicadas nos dias 30 de novembro e 7 de dezembro, em raz\u00e3o da realiza\u00e7\u00e3o da COP-30. J\u00e1 a reaplica\u00e7\u00e3o do Enem ocorrer\u00e1 nos dias 16 e 17 de dezembro, e o resultado final est\u00e1 previsto para janeiro de 2026.<\/p>\n<p>O presidente do Inep, Manuel Palacios, tamb\u00e9m ressaltou o \u00eaxito da opera\u00e7\u00e3o. &#8220;Foi um Enem fant\u00e1stico, pouqu\u00edssimas ocorr\u00eancias, a aplica\u00e7\u00e3o ocorreu em todos os locais sem problemas. [&#8230;] A participa\u00e7\u00e3o de mais de 300 mil colaboradores que atuaram diretamente na aplica\u00e7\u00e3o nos locais, fora as equipes de seguran\u00e7a e transporte, foi uma grande opera\u00e7\u00e3o, talvez uma das maiores do pa\u00eds&#8221;, afirmou. Palacios afirmou que houve uma pris\u00e3o, mas n\u00e3o deu detalhes sobre a ocorr\u00eancia.<\/p>\n<p>Ele ainda elogiou o conte\u00fado da prova e seu alinhamento \u00e0s diretrizes da educa\u00e7\u00e3o b\u00e1sica: &#8220;Eu pe\u00e7o a voc\u00eas que olhem bem a prova, a prova est\u00e1 linda, maravilhosa, trabalhando com as habilidades e conhecimentos previstos nas nossas refer\u00eancias curriculares.&#8221;<\/p>\n<p>O segundo dia de aplica\u00e7\u00e3o do Enem 2025 ser\u00e1 no pr\u00f3ximo domingo, 16 de novembro, com as provas de Matem\u00e1tica e Ci\u00eancias da Natureza.<\/p>\n<p><em>Foto: F\u00e1bio Vieira\/Estad\u00e3o<\/em><\/p>\n","protected":false},"excerpt":{"rendered":"<p>Adriana Victorino &#8211; editada por Mariana Collini O primeiro dia do Exame Nacional do Ensino M\u00e9dio (Enem) 2025, realizado neste domingo, 9, foi marcado por temas sociais e culturais. As provas de Linguagens, C\u00f3digos e suas Tecnologias e Ci\u00eancias Humanas trouxeram quest\u00f5es sobre varia\u00e7\u00e3o lingu\u00edstica, representatividade negra, mitologia grega e press\u00e3o est\u00e9tica sobre mulheres. O &hellip; <a href=\"https:\/\/publicacoes.estadao.com.br\/guia-de-colegios\/enem-2025-tem-27-de-abstencao-no-primeiro-dia\/\">Continued<\/a><\/p>\n","protected":false},"author":2,"featured_media":884937,"comment_status":"open","ping_status":"open","sticky":false,"template":"","format":"standard","meta":{"kia_subtitle":"\u00cdndice mant\u00e9m m\u00e9dia dos \u00faltimos anos e reacende debate sobre participa\u00e7\u00e3o dos estudantes","footnotes":""},"categories":[1],"tags":[],"class_list":["post-884936","post","type-post","status-publish","format-standard","has-post-thumbnail","hentry","category-sem-categoria"],"yoast_head":"<!-- This site is optimized with the Yoast SEO plugin v27.3 - https:\/\/yoast.com\/product\/yoast-seo-wordpress\/ -->\n<title>Enem 2025 tem 27% de absten\u00e7\u00e3o no primeiro dia - Guia de Col\u00e9gios 2025<\/title>\n<meta name=\"robots\" content=\"index, follow, max-snippet:-1, max-image-preview:large, max-video-preview:-1\" \/>\n<link rel=\"canonical\" href=\"https:\/\/publicacoes.estadao.com.br\/guia-de-colegios\/enem-2025-tem-27-de-abstencao-no-primeiro-dia\/\" \/>\n<meta property=\"og:locale\" content=\"pt_BR\" \/>\n<meta property=\"og:type\" content=\"article\" \/>\n<meta property=\"og:title\" content=\"Enem 2025 tem 27% de absten\u00e7\u00e3o no primeiro dia - Guia de Col\u00e9gios 2025\" \/>\n<meta property=\"og:description\" content=\"Adriana Victorino &#8211; editada por Mariana Collini O primeiro dia do Exame Nacional do Ensino M\u00e9dio (Enem) 2025, realizado neste domingo, 9, foi marcado por temas sociais e culturais. As provas de Linguagens, C\u00f3digos e suas Tecnologias e Ci\u00eancias Humanas trouxeram quest\u00f5es sobre varia\u00e7\u00e3o lingu\u00edstica, representatividade negra, mitologia grega e press\u00e3o est\u00e9tica sobre mulheres. O &hellip; Continued\" \/>\n<meta property=\"og:url\" content=\"https:\/\/publicacoes.estadao.com.br\/guia-de-colegios\/enem-2025-tem-27-de-abstencao-no-primeiro-dia\/\" \/>\n<meta property=\"og:site_name\" content=\"Guia de Col\u00e9gios 2025\" \/>\n<meta property=\"article:published_time\" content=\"2025-11-11T21:15:39+00:00\" \/>\n<meta property=\"article:modified_time\" content=\"2025-11-14T21:19:44+00:00\" \/>\n<meta property=\"og:image\" content=\"https:\/\/publicacoes.estadao.com.br\/guia-de-colegios\/wp-content\/uploads\/2025\/11\/image1-5.jpg\" \/>\n\t<meta property=\"og:image:width\" content=\"1200\" \/>\n\t<meta property=\"og:image:height\" content=\"800\" \/>\n\t<meta property=\"og:image:type\" content=\"image\/jpeg\" \/>\n<meta name=\"author\" content=\"Vinicius\" \/>\n<meta name=\"twitter:card\" content=\"summary_large_image\" \/>\n<meta name=\"twitter:label1\" content=\"Escrito por\" \/>\n\t<meta name=\"twitter:data1\" content=\"Vinicius\" \/>\n\t<meta name=\"twitter:label2\" content=\"Est. tempo de leitura\" \/>\n\t<meta name=\"twitter:data2\" content=\"1 minuto\" \/>\n<script type=\"application\/ld+json\" class=\"yoast-schema-graph\">{\"@context\":\"https:\\\/\\\/schema.org\",\"@graph\":[{\"@type\":\"Article\",\"@id\":\"https:\\\/\\\/publicacoes.estadao.com.br\\\/guia-de-colegios\\\/enem-2025-tem-27-de-abstencao-no-primeiro-dia\\\/#article\",\"isPartOf\":{\"@id\":\"https:\\\/\\\/publicacoes.estadao.com.br\\\/guia-de-colegios\\\/enem-2025-tem-27-de-abstencao-no-primeiro-dia\\\/\"},\"author\":{\"name\":\"Vinicius\",\"@id\":\"https:\\\/\\\/publicacoes.estadao.com.br\\\/guia-de-colegios\\\/#\\\/schema\\\/person\\\/3c584ebce1956a0d6bae91ff7aa5f627\"},\"headline\":\"Enem 2025 tem 27% de absten\u00e7\u00e3o no primeiro dia\",\"datePublished\":\"2025-11-11T21:15:39+00:00\",\"dateModified\":\"2025-11-14T21:19:44+00:00\",\"mainEntityOfPage\":{\"@id\":\"https:\\\/\\\/publicacoes.estadao.com.br\\\/guia-de-colegios\\\/enem-2025-tem-27-de-abstencao-no-primeiro-dia\\\/\"},\"wordCount\":632,\"commentCount\":0,\"image\":{\"@id\":\"https:\\\/\\\/publicacoes.estadao.com.br\\\/guia-de-colegios\\\/enem-2025-tem-27-de-abstencao-no-primeiro-dia\\\/#primaryimage\"},\"thumbnailUrl\":\"https:\\\/\\\/publicacoes.estadao.com.br\\\/guia-de-colegios\\\/wp-content\\\/uploads\\\/2025\\\/11\\\/image1-5.jpg\",\"inLanguage\":\"pt-BR\",\"potentialAction\":[{\"@type\":\"CommentAction\",\"name\":\"Comment\",\"target\":[\"https:\\\/\\\/publicacoes.estadao.com.br\\\/guia-de-colegios\\\/enem-2025-tem-27-de-abstencao-no-primeiro-dia\\\/#respond\"]}]},{\"@type\":\"WebPage\",\"@id\":\"https:\\\/\\\/publicacoes.estadao.com.br\\\/guia-de-colegios\\\/enem-2025-tem-27-de-abstencao-no-primeiro-dia\\\/\",\"url\":\"https:\\\/\\\/publicacoes.estadao.com.br\\\/guia-de-colegios\\\/enem-2025-tem-27-de-abstencao-no-primeiro-dia\\\/\",\"name\":\"Enem 2025 tem 27% de absten\u00e7\u00e3o no primeiro dia - Guia de Col\u00e9gios 2025\",\"isPartOf\":{\"@id\":\"https:\\\/\\\/publicacoes.estadao.com.br\\\/guia-de-colegios\\\/#website\"},\"primaryImageOfPage\":{\"@id\":\"https:\\\/\\\/publicacoes.estadao.com.br\\\/guia-de-colegios\\\/enem-2025-tem-27-de-abstencao-no-primeiro-dia\\\/#primaryimage\"},\"image\":{\"@id\":\"https:\\\/\\\/publicacoes.estadao.com.br\\\/guia-de-colegios\\\/enem-2025-tem-27-de-abstencao-no-primeiro-dia\\\/#primaryimage\"},\"thumbnailUrl\":\"https:\\\/\\\/publicacoes.estadao.com.br\\\/guia-de-colegios\\\/wp-content\\\/uploads\\\/2025\\\/11\\\/image1-5.jpg\",\"datePublished\":\"2025-11-11T21:15:39+00:00\",\"dateModified\":\"2025-11-14T21:19:44+00:00\",\"author\":{\"@id\":\"https:\\\/\\\/publicacoes.estadao.com.br\\\/guia-de-colegios\\\/#\\\/schema\\\/person\\\/3c584ebce1956a0d6bae91ff7aa5f627\"},\"breadcrumb\":{\"@id\":\"https:\\\/\\\/publicacoes.estadao.com.br\\\/guia-de-colegios\\\/enem-2025-tem-27-de-abstencao-no-primeiro-dia\\\/#breadcrumb\"},\"inLanguage\":\"pt-BR\",\"potentialAction\":[{\"@type\":\"ReadAction\",\"target\":[\"https:\\\/\\\/publicacoes.estadao.com.br\\\/guia-de-colegios\\\/enem-2025-tem-27-de-abstencao-no-primeiro-dia\\\/\"]}]},{\"@type\":\"ImageObject\",\"inLanguage\":\"pt-BR\",\"@id\":\"https:\\\/\\\/publicacoes.estadao.com.br\\\/guia-de-colegios\\\/enem-2025-tem-27-de-abstencao-no-primeiro-dia\\\/#primaryimage\",\"url\":\"https:\\\/\\\/publicacoes.estadao.com.br\\\/guia-de-colegios\\\/wp-content\\\/uploads\\\/2025\\\/11\\\/image1-5.jpg\",\"contentUrl\":\"https:\\\/\\\/publicacoes.estadao.com.br\\\/guia-de-colegios\\\/wp-content\\\/uploads\\\/2025\\\/11\\\/image1-5.jpg\",\"width\":1200,\"height\":800},{\"@type\":\"BreadcrumbList\",\"@id\":\"https:\\\/\\\/publicacoes.estadao.com.br\\\/guia-de-colegios\\\/enem-2025-tem-27-de-abstencao-no-primeiro-dia\\\/#breadcrumb\",\"itemListElement\":[{\"@type\":\"ListItem\",\"position\":1,\"name\":\"In\u00edcio\",\"item\":\"https:\\\/\\\/publicacoes.estadao.com.br\\\/guia-de-colegios\\\/\"},{\"@type\":\"ListItem\",\"position\":2,\"name\":\"Enem 2025 tem 27% de absten\u00e7\u00e3o no primeiro dia\"}]},{\"@type\":\"WebSite\",\"@id\":\"https:\\\/\\\/publicacoes.estadao.com.br\\\/guia-de-colegios\\\/#website\",\"url\":\"https:\\\/\\\/publicacoes.estadao.com.br\\\/guia-de-colegios\\\/\",\"name\":\"Guia de Col\u00e9gios 2025\",\"description\":\"\",\"potentialAction\":[{\"@type\":\"SearchAction\",\"target\":{\"@type\":\"EntryPoint\",\"urlTemplate\":\"https:\\\/\\\/publicacoes.estadao.com.br\\\/guia-de-colegios\\\/?s={search_term_string}\"},\"query-input\":{\"@type\":\"PropertyValueSpecification\",\"valueRequired\":true,\"valueName\":\"search_term_string\"}}],\"inLanguage\":\"pt-BR\"},{\"@type\":\"Person\",\"@id\":\"https:\\\/\\\/publicacoes.estadao.com.br\\\/guia-de-colegios\\\/#\\\/schema\\\/person\\\/3c584ebce1956a0d6bae91ff7aa5f627\",\"name\":\"Vinicius\",\"image\":{\"@type\":\"ImageObject\",\"inLanguage\":\"pt-BR\",\"@id\":\"https:\\\/\\\/secure.gravatar.com\\\/avatar\\\/3af60fb5561aed7ea3d5ee6d82e339cff659e6c8a5b4adeae091cf43d0fc064f?s=96&d=mm&r=g\",\"url\":\"https:\\\/\\\/secure.gravatar.com\\\/avatar\\\/3af60fb5561aed7ea3d5ee6d82e339cff659e6c8a5b4adeae091cf43d0fc064f?s=96&d=mm&r=g\",\"contentUrl\":\"https:\\\/\\\/secure.gravatar.com\\\/avatar\\\/3af60fb5561aed7ea3d5ee6d82e339cff659e6c8a5b4adeae091cf43d0fc064f?s=96&d=mm&r=g\",\"caption\":\"Vinicius\"},\"url\":\"https:\\\/\\\/publicacoes.estadao.com.br\\\/guia-de-colegios\\\/author\\\/vinicius\\\/\"}]}<\/script>\n<!-- \/ Yoast SEO plugin. -->","yoast_head_json":{"title":"Enem 2025 tem 27% de absten\u00e7\u00e3o no primeiro dia - Guia de Col\u00e9gios 2025","robots":{"index":"index","follow":"follow","max-snippet":"max-snippet:-1","max-image-preview":"max-image-preview:large","max-video-preview":"max-video-preview:-1"},"canonical":"https:\/\/publicacoes.estadao.com.br\/guia-de-colegios\/enem-2025-tem-27-de-abstencao-no-primeiro-dia\/","og_locale":"pt_BR","og_type":"article","og_title":"Enem 2025 tem 27% de absten\u00e7\u00e3o no primeiro dia - Guia de Col\u00e9gios 2025","og_description":"Adriana Victorino &#8211; editada por Mariana Collini O primeiro dia do Exame Nacional do Ensino M\u00e9dio (Enem) 2025, realizado neste domingo, 9, foi marcado por temas sociais e culturais. As provas de Linguagens, C\u00f3digos e suas Tecnologias e Ci\u00eancias Humanas trouxeram quest\u00f5es sobre varia\u00e7\u00e3o lingu\u00edstica, representatividade negra, mitologia grega e press\u00e3o est\u00e9tica sobre mulheres. O &hellip; Continued","og_url":"https:\/\/publicacoes.estadao.com.br\/guia-de-colegios\/enem-2025-tem-27-de-abstencao-no-primeiro-dia\/","og_site_name":"Guia de Col\u00e9gios 2025","article_published_time":"2025-11-11T21:15:39+00:00","article_modified_time":"2025-11-14T21:19:44+00:00","og_image":[{"width":1200,"height":800,"url":"https:\/\/publicacoes.estadao.com.br\/guia-de-colegios\/wp-content\/uploads\/2025\/11\/image1-5.jpg","type":"image\/jpeg"}],"author":"Vinicius","twitter_card":"summary_large_image","twitter_misc":{"Escrito por":"Vinicius","Est. tempo de leitura":"1 minuto"},"schema":{"@context":"https:\/\/schema.org","@graph":[{"@type":"Article","@id":"https:\/\/publicacoes.estadao.com.br\/guia-de-colegios\/enem-2025-tem-27-de-abstencao-no-primeiro-dia\/#article","isPartOf":{"@id":"https:\/\/publicacoes.estadao.com.br\/guia-de-colegios\/enem-2025-tem-27-de-abstencao-no-primeiro-dia\/"},"author":{"name":"Vinicius","@id":"https:\/\/publicacoes.estadao.com.br\/guia-de-colegios\/#\/schema\/person\/3c584ebce1956a0d6bae91ff7aa5f627"},"headline":"Enem 2025 tem 27% de absten\u00e7\u00e3o no primeiro dia","datePublished":"2025-11-11T21:15:39+00:00","dateModified":"2025-11-14T21:19:44+00:00","mainEntityOfPage":{"@id":"https:\/\/publicacoes.estadao.com.br\/guia-de-colegios\/enem-2025-tem-27-de-abstencao-no-primeiro-dia\/"},"wordCount":632,"commentCount":0,"image":{"@id":"https:\/\/publicacoes.estadao.com.br\/guia-de-colegios\/enem-2025-tem-27-de-abstencao-no-primeiro-dia\/#primaryimage"},"thumbnailUrl":"https:\/\/publicacoes.estadao.com.br\/guia-de-colegios\/wp-content\/uploads\/2025\/11\/image1-5.jpg","inLanguage":"pt-BR","potentialAction":[{"@type":"CommentAction","name":"Comment","target":["https:\/\/publicacoes.estadao.com.br\/guia-de-colegios\/enem-2025-tem-27-de-abstencao-no-primeiro-dia\/#respond"]}]},{"@type":"WebPage","@id":"https:\/\/publicacoes.estadao.com.br\/guia-de-colegios\/enem-2025-tem-27-de-abstencao-no-primeiro-dia\/","url":"https:\/\/publicacoes.estadao.com.br\/guia-de-colegios\/enem-2025-tem-27-de-abstencao-no-primeiro-dia\/","name":"Enem 2025 tem 27% de absten\u00e7\u00e3o no primeiro dia - Guia de Col\u00e9gios 2025","isPartOf":{"@id":"https:\/\/publicacoes.estadao.com.br\/guia-de-colegios\/#website"},"primaryImageOfPage":{"@id":"https:\/\/publicacoes.estadao.com.br\/guia-de-colegios\/enem-2025-tem-27-de-abstencao-no-primeiro-dia\/#primaryimage"},"image":{"@id":"https:\/\/publicacoes.estadao.com.br\/guia-de-colegios\/enem-2025-tem-27-de-abstencao-no-primeiro-dia\/#primaryimage"},"thumbnailUrl":"https:\/\/publicacoes.estadao.com.br\/guia-de-colegios\/wp-content\/uploads\/2025\/11\/image1-5.jpg","datePublished":"2025-11-11T21:15:39+00:00","dateModified":"2025-11-14T21:19:44+00:00","author":{"@id":"https:\/\/publicacoes.estadao.com.br\/guia-de-colegios\/#\/schema\/person\/3c584ebce1956a0d6bae91ff7aa5f627"},"breadcrumb":{"@id":"https:\/\/publicacoes.estadao.com.br\/guia-de-colegios\/enem-2025-tem-27-de-abstencao-no-primeiro-dia\/#breadcrumb"},"inLanguage":"pt-BR","potentialAction":[{"@type":"ReadAction","target":["https:\/\/publicacoes.estadao.com.br\/guia-de-colegios\/enem-2025-tem-27-de-abstencao-no-primeiro-dia\/"]}]},{"@type":"ImageObject","inLanguage":"pt-BR","@id":"https:\/\/publicacoes.estadao.com.br\/guia-de-colegios\/enem-2025-tem-27-de-abstencao-no-primeiro-dia\/#primaryimage","url":"https:\/\/publicacoes.estadao.com.br\/guia-de-colegios\/wp-content\/uploads\/2025\/11\/image1-5.jpg","contentUrl":"https:\/\/publicacoes.estadao.com.br\/guia-de-colegios\/wp-content\/uploads\/2025\/11\/image1-5.jpg","width":1200,"height":800},{"@type":"BreadcrumbList","@id":"https:\/\/publicacoes.estadao.com.br\/guia-de-colegios\/enem-2025-tem-27-de-abstencao-no-primeiro-dia\/#breadcrumb","itemListElement":[{"@type":"ListItem","position":1,"name":"In\u00edcio","item":"https:\/\/publicacoes.estadao.com.br\/guia-de-colegios\/"},{"@type":"ListItem","position":2,"name":"Enem 2025 tem 27% de absten\u00e7\u00e3o no primeiro dia"}]},{"@type":"WebSite","@id":"https:\/\/publicacoes.estadao.com.br\/guia-de-colegios\/#website","url":"https:\/\/publicacoes.estadao.com.br\/guia-de-colegios\/","name":"Guia de Col\u00e9gios 2025","description":"","potentialAction":[{"@type":"SearchAction","target":{"@type":"EntryPoint","urlTemplate":"https:\/\/publicacoes.estadao.com.br\/guia-de-colegios\/?s={search_term_string}"},"query-input":{"@type":"PropertyValueSpecification","valueRequired":true,"valueName":"search_term_string"}}],"inLanguage":"pt-BR"},{"@type":"Person","@id":"https:\/\/publicacoes.estadao.com.br\/guia-de-colegios\/#\/schema\/person\/3c584ebce1956a0d6bae91ff7aa5f627","name":"Vinicius","image":{"@type":"ImageObject","inLanguage":"pt-BR","@id":"https:\/\/secure.gravatar.com\/avatar\/3af60fb5561aed7ea3d5ee6d82e339cff659e6c8a5b4adeae091cf43d0fc064f?s=96&d=mm&r=g","url":"https:\/\/secure.gravatar.com\/avatar\/3af60fb5561aed7ea3d5ee6d82e339cff659e6c8a5b4adeae091cf43d0fc064f?s=96&d=mm&r=g","contentUrl":"https:\/\/secure.gravatar.com\/avatar\/3af60fb5561aed7ea3d5ee6d82e339cff659e6c8a5b4adeae091cf43d0fc064f?s=96&d=mm&r=g","caption":"Vinicius"},"url":"https:\/\/publicacoes.estadao.com.br\/guia-de-colegios\/author\/vinicius\/"}]}},"_links":{"self":[{"href":"https:\/\/publicacoes.estadao.com.br\/guia-de-colegios\/wp-json\/wp\/v2\/posts\/884936","targetHints":{"allow":["GET"]}}],"collection":[{"href":"https:\/\/publicacoes.estadao.com.br\/guia-de-colegios\/wp-json\/wp\/v2\/posts"}],"about":[{"href":"https:\/\/publicacoes.estadao.com.br\/guia-de-colegios\/wp-json\/wp\/v2\/types\/post"}],"author":[{"embeddable":true,"href":"https:\/\/publicacoes.estadao.com.br\/guia-de-colegios\/wp-json\/wp\/v2\/users\/2"}],"replies":[{"embeddable":true,"href":"https:\/\/publicacoes.estadao.com.br\/guia-de-colegios\/wp-json\/wp\/v2\/comments?post=884936"}],"version-history":[{"count":1,"href":"https:\/\/publicacoes.estadao.com.br\/guia-de-colegios\/wp-json\/wp\/v2\/posts\/884936\/revisions"}],"predecessor-version":[{"id":884938,"href":"https:\/\/publicacoes.estadao.com.br\/guia-de-colegios\/wp-json\/wp\/v2\/posts\/884936\/revisions\/884938"}],"wp:featuredmedia":[{"embeddable":true,"href":"https:\/\/publicacoes.estadao.com.br\/guia-de-colegios\/wp-json\/wp\/v2\/media\/884937"}],"wp:attachment":[{"href":"https:\/\/publicacoes.estadao.com.br\/guia-de-colegios\/wp-json\/wp\/v2\/media?parent=884936"}],"wp:term":[{"taxonomy":"category","embeddable":true,"href":"https:\/\/publicacoes.estadao.com.br\/guia-de-colegios\/wp-json\/wp\/v2\/categories?post=884936"},{"taxonomy":"post_tag","embeddable":true,"href":"https:\/\/publicacoes.estadao.com.br\/guia-de-colegios\/wp-json\/wp\/v2\/tags?post=884936"}],"curies":[{"name":"wp","href":"https:\/\/api.w.org\/{rel}","templated":true}]}}