{"id":884929,"date":"2025-11-04T15:00:38","date_gmt":"2025-11-04T18:00:38","guid":{"rendered":"https:\/\/publicacoes.estadao.com.br\/guia-de-colegios\/?p=884929"},"modified":"2025-11-10T15:04:54","modified_gmt":"2025-11-10T18:04:54","slug":"brasil-ganha-sistema-nacional-de-educacao","status":"publish","type":"post","link":"https:\/\/publicacoes.estadao.com.br\/guia-de-colegios\/brasil-ganha-sistema-nacional-de-educacao\/","title":{"rendered":"Brasil ganha Sistema Nacional de Educa\u00e7\u00e3o"},"content":{"rendered":"<p><strong>Por Eduardo Rodrigues &#8211; editada por Mariana Collini<\/strong><\/p>\n<p>O presidente Luiz In\u00e1cio Lula da Silva sancionou a lei que cria o Sistema Nacional de Educa\u00e7\u00e3o (SNE) e fixa normas para a coopera\u00e7\u00e3o entre a Uni\u00e3o, os Estados, o Distrito Federal e os munic\u00edpios para elabora\u00e7\u00e3o e implementa\u00e7\u00e3o de pol\u00edticas, de programas e de a\u00e7\u00f5es educacionais, em regime de colabora\u00e7\u00e3o. O texto foi publicado no Di\u00e1rio Oficial da Uni\u00e3o (DOU).<\/p>\n<!-- In\u00edcio Arroba Banner 300x600 --><div class='banner banner_body_300x600'>\n            <p>Publicidade<\/p>\n            <div id='div-gpt-ad-1664301697974-0' style='min-width: 300px; min-height: 640px;'>\n              <script>\n                googletag.cmd.push(function() { googletag.display('div-gpt-ad-1664301697974-0'); });\n              <\/script>\n            <\/div>\n          <\/div><!-- Fim Banner 300x600 --> <p>Entre os objetivos do SNE est\u00e1 promover o planejamento articulado das pol\u00edticas educacionais dos entes federados, por meio de planos decenais nacional, estaduais, distrital e municipais de educa\u00e7\u00e3o, dos planos plurianuais e dos demais instrumentos de planejamento e gest\u00e3o.<\/p>\n<p>O SNE tamb\u00e9m deve &#8220;articular a defini\u00e7\u00e3o de prioridades nas pol\u00edticas educacionais e o equil\u00edbrio, a racionalidade e a efici\u00eancia na aloca\u00e7\u00e3o de recursos p\u00fablicos, mediante sua reparti\u00e7\u00e3o equilibrada entre os entes federados para assegurar equidade no investimento p\u00fablico em educa\u00e7\u00e3o por estudante, considerados os custos diferenciados das etapas, das modalidades e dos tipos de jornada e de estabelecimentos de ensino&#8221;.<\/p>\n<p>Entre outros pontos, o SNE busca ainda estabelecer padr\u00f5es nacionais de qualidade para a educa\u00e7\u00e3o b\u00e1sica, harmonizar normas educacionais entre os diferentes sistemas de ensino e acompanhar a implementa\u00e7\u00e3o da base nacional comum curricular.<\/p>\n<p>Lula tamb\u00e9m sancionou a lei que trata do Compromisso Nacional Crian\u00e7a Alfabetizada, &#8220;por meio da conjuga\u00e7\u00e3o dos esfor\u00e7os da Uni\u00e3o, dos Estados, do Distrito Federal e dos munic\u00edpios, com a finalidade de garantir o direito \u00e0 alfabetiza\u00e7\u00e3o das crian\u00e7as brasileiras, elemento estruturante para a constru\u00e7\u00e3o de trajet\u00f3rias escolares bem-sucedidas&#8221;.<\/p>\n<p><em>Foto: TIAGO QUEIROZ\/ESTAD\u00c3O<\/em><\/p>\n","protected":false},"excerpt":{"rendered":"<p>Por Eduardo Rodrigues &#8211; editada por Mariana Collini O presidente Luiz In\u00e1cio Lula da Silva sancionou a lei que cria o Sistema Nacional de Educa\u00e7\u00e3o (SNE) e fixa normas para a coopera\u00e7\u00e3o entre a Uni\u00e3o, os Estados, o Distrito Federal e os munic\u00edpios para elabora\u00e7\u00e3o e implementa\u00e7\u00e3o de pol\u00edticas, de programas e de a\u00e7\u00f5es educacionais, &hellip; <a href=\"https:\/\/publicacoes.estadao.com.br\/guia-de-colegios\/brasil-ganha-sistema-nacional-de-educacao\/\">Continued<\/a><\/p>\n","protected":false},"author":2,"featured_media":884930,"comment_status":"open","ping_status":"open","sticky":false,"template":"","format":"standard","meta":{"kia_subtitle":"Medida sancionada por Luiz In\u00e1cio Lula da Silva pretende garantir padr\u00e3o de qualidade e equidade no ensino p\u00fablico","footnotes":""},"categories":[1],"tags":[],"class_list":["post-884929","post","type-post","status-publish","format-standard","has-post-thumbnail","hentry","category-sem-categoria"],"yoast_head":"<!-- This site is optimized with the Yoast SEO plugin v27.3 - https:\/\/yoast.com\/product\/yoast-seo-wordpress\/ -->\n<title>Brasil ganha Sistema Nacional de Educa\u00e7\u00e3o - Guia de Col\u00e9gios 2025<\/title>\n<meta name=\"robots\" content=\"index, follow, max-snippet:-1, max-image-preview:large, max-video-preview:-1\" \/>\n<link rel=\"canonical\" href=\"https:\/\/publicacoes.estadao.com.br\/guia-de-colegios\/brasil-ganha-sistema-nacional-de-educacao\/\" \/>\n<meta property=\"og:locale\" content=\"pt_BR\" \/>\n<meta property=\"og:type\" content=\"article\" \/>\n<meta property=\"og:title\" content=\"Brasil ganha Sistema Nacional de Educa\u00e7\u00e3o - Guia de Col\u00e9gios 2025\" \/>\n<meta property=\"og:description\" content=\"Por Eduardo Rodrigues &#8211; editada por Mariana Collini O presidente Luiz In\u00e1cio Lula da Silva sancionou a lei que cria o Sistema Nacional de Educa\u00e7\u00e3o (SNE) e fixa normas para a coopera\u00e7\u00e3o entre a Uni\u00e3o, os Estados, o Distrito Federal e os munic\u00edpios para elabora\u00e7\u00e3o e implementa\u00e7\u00e3o de pol\u00edticas, de programas e de a\u00e7\u00f5es educacionais, &hellip; Continued\" \/>\n<meta property=\"og:url\" content=\"https:\/\/publicacoes.estadao.com.br\/guia-de-colegios\/brasil-ganha-sistema-nacional-de-educacao\/\" \/>\n<meta property=\"og:site_name\" content=\"Guia de Col\u00e9gios 2025\" \/>\n<meta property=\"article:published_time\" content=\"2025-11-04T18:00:38+00:00\" \/>\n<meta property=\"article:modified_time\" content=\"2025-11-10T18:04:54+00:00\" \/>\n<meta property=\"og:image\" content=\"https:\/\/publicacoes.estadao.com.br\/guia-de-colegios\/wp-content\/uploads\/2025\/11\/image1-3.jpg\" \/>\n\t<meta property=\"og:image:width\" content=\"1200\" \/>\n\t<meta property=\"og:image:height\" content=\"800\" \/>\n\t<meta property=\"og:image:type\" content=\"image\/jpeg\" \/>\n<meta name=\"author\" content=\"Vinicius\" \/>\n<meta name=\"twitter:card\" content=\"summary_large_image\" \/>\n<meta name=\"twitter:label1\" content=\"Escrito por\" \/>\n\t<meta name=\"twitter:data1\" content=\"Vinicius\" \/>\n\t<meta name=\"twitter:label2\" content=\"Est. tempo de leitura\" \/>\n\t<meta name=\"twitter:data2\" content=\"1 minuto\" \/>\n<script type=\"application\/ld+json\" class=\"yoast-schema-graph\">{\"@context\":\"https:\\\/\\\/schema.org\",\"@graph\":[{\"@type\":\"Article\",\"@id\":\"https:\\\/\\\/publicacoes.estadao.com.br\\\/guia-de-colegios\\\/brasil-ganha-sistema-nacional-de-educacao\\\/#article\",\"isPartOf\":{\"@id\":\"https:\\\/\\\/publicacoes.estadao.com.br\\\/guia-de-colegios\\\/brasil-ganha-sistema-nacional-de-educacao\\\/\"},\"author\":{\"name\":\"Vinicius\",\"@id\":\"https:\\\/\\\/publicacoes.estadao.com.br\\\/guia-de-colegios\\\/#\\\/schema\\\/person\\\/3c584ebce1956a0d6bae91ff7aa5f627\"},\"headline\":\"Brasil ganha Sistema Nacional de Educa\u00e7\u00e3o\",\"datePublished\":\"2025-11-04T18:00:38+00:00\",\"dateModified\":\"2025-11-10T18:04:54+00:00\",\"mainEntityOfPage\":{\"@id\":\"https:\\\/\\\/publicacoes.estadao.com.br\\\/guia-de-colegios\\\/brasil-ganha-sistema-nacional-de-educacao\\\/\"},\"wordCount\":302,\"commentCount\":0,\"image\":{\"@id\":\"https:\\\/\\\/publicacoes.estadao.com.br\\\/guia-de-colegios\\\/brasil-ganha-sistema-nacional-de-educacao\\\/#primaryimage\"},\"thumbnailUrl\":\"https:\\\/\\\/publicacoes.estadao.com.br\\\/guia-de-colegios\\\/wp-content\\\/uploads\\\/2025\\\/11\\\/image1-3.jpg\",\"inLanguage\":\"pt-BR\",\"potentialAction\":[{\"@type\":\"CommentAction\",\"name\":\"Comment\",\"target\":[\"https:\\\/\\\/publicacoes.estadao.com.br\\\/guia-de-colegios\\\/brasil-ganha-sistema-nacional-de-educacao\\\/#respond\"]}]},{\"@type\":\"WebPage\",\"@id\":\"https:\\\/\\\/publicacoes.estadao.com.br\\\/guia-de-colegios\\\/brasil-ganha-sistema-nacional-de-educacao\\\/\",\"url\":\"https:\\\/\\\/publicacoes.estadao.com.br\\\/guia-de-colegios\\\/brasil-ganha-sistema-nacional-de-educacao\\\/\",\"name\":\"Brasil ganha Sistema Nacional de Educa\u00e7\u00e3o - Guia de Col\u00e9gios 2025\",\"isPartOf\":{\"@id\":\"https:\\\/\\\/publicacoes.estadao.com.br\\\/guia-de-colegios\\\/#website\"},\"primaryImageOfPage\":{\"@id\":\"https:\\\/\\\/publicacoes.estadao.com.br\\\/guia-de-colegios\\\/brasil-ganha-sistema-nacional-de-educacao\\\/#primaryimage\"},\"image\":{\"@id\":\"https:\\\/\\\/publicacoes.estadao.com.br\\\/guia-de-colegios\\\/brasil-ganha-sistema-nacional-de-educacao\\\/#primaryimage\"},\"thumbnailUrl\":\"https:\\\/\\\/publicacoes.estadao.com.br\\\/guia-de-colegios\\\/wp-content\\\/uploads\\\/2025\\\/11\\\/image1-3.jpg\",\"datePublished\":\"2025-11-04T18:00:38+00:00\",\"dateModified\":\"2025-11-10T18:04:54+00:00\",\"author\":{\"@id\":\"https:\\\/\\\/publicacoes.estadao.com.br\\\/guia-de-colegios\\\/#\\\/schema\\\/person\\\/3c584ebce1956a0d6bae91ff7aa5f627\"},\"breadcrumb\":{\"@id\":\"https:\\\/\\\/publicacoes.estadao.com.br\\\/guia-de-colegios\\\/brasil-ganha-sistema-nacional-de-educacao\\\/#breadcrumb\"},\"inLanguage\":\"pt-BR\",\"potentialAction\":[{\"@type\":\"ReadAction\",\"target\":[\"https:\\\/\\\/publicacoes.estadao.com.br\\\/guia-de-colegios\\\/brasil-ganha-sistema-nacional-de-educacao\\\/\"]}]},{\"@type\":\"ImageObject\",\"inLanguage\":\"pt-BR\",\"@id\":\"https:\\\/\\\/publicacoes.estadao.com.br\\\/guia-de-colegios\\\/brasil-ganha-sistema-nacional-de-educacao\\\/#primaryimage\",\"url\":\"https:\\\/\\\/publicacoes.estadao.com.br\\\/guia-de-colegios\\\/wp-content\\\/uploads\\\/2025\\\/11\\\/image1-3.jpg\",\"contentUrl\":\"https:\\\/\\\/publicacoes.estadao.com.br\\\/guia-de-colegios\\\/wp-content\\\/uploads\\\/2025\\\/11\\\/image1-3.jpg\",\"width\":1200,\"height\":800},{\"@type\":\"BreadcrumbList\",\"@id\":\"https:\\\/\\\/publicacoes.estadao.com.br\\\/guia-de-colegios\\\/brasil-ganha-sistema-nacional-de-educacao\\\/#breadcrumb\",\"itemListElement\":[{\"@type\":\"ListItem\",\"position\":1,\"name\":\"In\u00edcio\",\"item\":\"https:\\\/\\\/publicacoes.estadao.com.br\\\/guia-de-colegios\\\/\"},{\"@type\":\"ListItem\",\"position\":2,\"name\":\"Brasil ganha Sistema Nacional de Educa\u00e7\u00e3o\"}]},{\"@type\":\"WebSite\",\"@id\":\"https:\\\/\\\/publicacoes.estadao.com.br\\\/guia-de-colegios\\\/#website\",\"url\":\"https:\\\/\\\/publicacoes.estadao.com.br\\\/guia-de-colegios\\\/\",\"name\":\"Guia de Col\u00e9gios 2025\",\"description\":\"\",\"potentialAction\":[{\"@type\":\"SearchAction\",\"target\":{\"@type\":\"EntryPoint\",\"urlTemplate\":\"https:\\\/\\\/publicacoes.estadao.com.br\\\/guia-de-colegios\\\/?s={search_term_string}\"},\"query-input\":{\"@type\":\"PropertyValueSpecification\",\"valueRequired\":true,\"valueName\":\"search_term_string\"}}],\"inLanguage\":\"pt-BR\"},{\"@type\":\"Person\",\"@id\":\"https:\\\/\\\/publicacoes.estadao.com.br\\\/guia-de-colegios\\\/#\\\/schema\\\/person\\\/3c584ebce1956a0d6bae91ff7aa5f627\",\"name\":\"Vinicius\",\"image\":{\"@type\":\"ImageObject\",\"inLanguage\":\"pt-BR\",\"@id\":\"https:\\\/\\\/secure.gravatar.com\\\/avatar\\\/3af60fb5561aed7ea3d5ee6d82e339cff659e6c8a5b4adeae091cf43d0fc064f?s=96&d=mm&r=g\",\"url\":\"https:\\\/\\\/secure.gravatar.com\\\/avatar\\\/3af60fb5561aed7ea3d5ee6d82e339cff659e6c8a5b4adeae091cf43d0fc064f?s=96&d=mm&r=g\",\"contentUrl\":\"https:\\\/\\\/secure.gravatar.com\\\/avatar\\\/3af60fb5561aed7ea3d5ee6d82e339cff659e6c8a5b4adeae091cf43d0fc064f?s=96&d=mm&r=g\",\"caption\":\"Vinicius\"},\"url\":\"https:\\\/\\\/publicacoes.estadao.com.br\\\/guia-de-colegios\\\/author\\\/vinicius\\\/\"}]}<\/script>\n<!-- \/ Yoast SEO plugin. -->","yoast_head_json":{"title":"Brasil ganha Sistema Nacional de Educa\u00e7\u00e3o - Guia de Col\u00e9gios 2025","robots":{"index":"index","follow":"follow","max-snippet":"max-snippet:-1","max-image-preview":"max-image-preview:large","max-video-preview":"max-video-preview:-1"},"canonical":"https:\/\/publicacoes.estadao.com.br\/guia-de-colegios\/brasil-ganha-sistema-nacional-de-educacao\/","og_locale":"pt_BR","og_type":"article","og_title":"Brasil ganha Sistema Nacional de Educa\u00e7\u00e3o - Guia de Col\u00e9gios 2025","og_description":"Por Eduardo Rodrigues &#8211; editada por Mariana Collini O presidente Luiz In\u00e1cio Lula da Silva sancionou a lei que cria o Sistema Nacional de Educa\u00e7\u00e3o (SNE) e fixa normas para a coopera\u00e7\u00e3o entre a Uni\u00e3o, os Estados, o Distrito Federal e os munic\u00edpios para elabora\u00e7\u00e3o e implementa\u00e7\u00e3o de pol\u00edticas, de programas e de a\u00e7\u00f5es educacionais, &hellip; Continued","og_url":"https:\/\/publicacoes.estadao.com.br\/guia-de-colegios\/brasil-ganha-sistema-nacional-de-educacao\/","og_site_name":"Guia de Col\u00e9gios 2025","article_published_time":"2025-11-04T18:00:38+00:00","article_modified_time":"2025-11-10T18:04:54+00:00","og_image":[{"width":1200,"height":800,"url":"https:\/\/publicacoes.estadao.com.br\/guia-de-colegios\/wp-content\/uploads\/2025\/11\/image1-3.jpg","type":"image\/jpeg"}],"author":"Vinicius","twitter_card":"summary_large_image","twitter_misc":{"Escrito por":"Vinicius","Est. tempo de leitura":"1 minuto"},"schema":{"@context":"https:\/\/schema.org","@graph":[{"@type":"Article","@id":"https:\/\/publicacoes.estadao.com.br\/guia-de-colegios\/brasil-ganha-sistema-nacional-de-educacao\/#article","isPartOf":{"@id":"https:\/\/publicacoes.estadao.com.br\/guia-de-colegios\/brasil-ganha-sistema-nacional-de-educacao\/"},"author":{"name":"Vinicius","@id":"https:\/\/publicacoes.estadao.com.br\/guia-de-colegios\/#\/schema\/person\/3c584ebce1956a0d6bae91ff7aa5f627"},"headline":"Brasil ganha Sistema Nacional de Educa\u00e7\u00e3o","datePublished":"2025-11-04T18:00:38+00:00","dateModified":"2025-11-10T18:04:54+00:00","mainEntityOfPage":{"@id":"https:\/\/publicacoes.estadao.com.br\/guia-de-colegios\/brasil-ganha-sistema-nacional-de-educacao\/"},"wordCount":302,"commentCount":0,"image":{"@id":"https:\/\/publicacoes.estadao.com.br\/guia-de-colegios\/brasil-ganha-sistema-nacional-de-educacao\/#primaryimage"},"thumbnailUrl":"https:\/\/publicacoes.estadao.com.br\/guia-de-colegios\/wp-content\/uploads\/2025\/11\/image1-3.jpg","inLanguage":"pt-BR","potentialAction":[{"@type":"CommentAction","name":"Comment","target":["https:\/\/publicacoes.estadao.com.br\/guia-de-colegios\/brasil-ganha-sistema-nacional-de-educacao\/#respond"]}]},{"@type":"WebPage","@id":"https:\/\/publicacoes.estadao.com.br\/guia-de-colegios\/brasil-ganha-sistema-nacional-de-educacao\/","url":"https:\/\/publicacoes.estadao.com.br\/guia-de-colegios\/brasil-ganha-sistema-nacional-de-educacao\/","name":"Brasil ganha Sistema Nacional de Educa\u00e7\u00e3o - Guia de Col\u00e9gios 2025","isPartOf":{"@id":"https:\/\/publicacoes.estadao.com.br\/guia-de-colegios\/#website"},"primaryImageOfPage":{"@id":"https:\/\/publicacoes.estadao.com.br\/guia-de-colegios\/brasil-ganha-sistema-nacional-de-educacao\/#primaryimage"},"image":{"@id":"https:\/\/publicacoes.estadao.com.br\/guia-de-colegios\/brasil-ganha-sistema-nacional-de-educacao\/#primaryimage"},"thumbnailUrl":"https:\/\/publicacoes.estadao.com.br\/guia-de-colegios\/wp-content\/uploads\/2025\/11\/image1-3.jpg","datePublished":"2025-11-04T18:00:38+00:00","dateModified":"2025-11-10T18:04:54+00:00","author":{"@id":"https:\/\/publicacoes.estadao.com.br\/guia-de-colegios\/#\/schema\/person\/3c584ebce1956a0d6bae91ff7aa5f627"},"breadcrumb":{"@id":"https:\/\/publicacoes.estadao.com.br\/guia-de-colegios\/brasil-ganha-sistema-nacional-de-educacao\/#breadcrumb"},"inLanguage":"pt-BR","potentialAction":[{"@type":"ReadAction","target":["https:\/\/publicacoes.estadao.com.br\/guia-de-colegios\/brasil-ganha-sistema-nacional-de-educacao\/"]}]},{"@type":"ImageObject","inLanguage":"pt-BR","@id":"https:\/\/publicacoes.estadao.com.br\/guia-de-colegios\/brasil-ganha-sistema-nacional-de-educacao\/#primaryimage","url":"https:\/\/publicacoes.estadao.com.br\/guia-de-colegios\/wp-content\/uploads\/2025\/11\/image1-3.jpg","contentUrl":"https:\/\/publicacoes.estadao.com.br\/guia-de-colegios\/wp-content\/uploads\/2025\/11\/image1-3.jpg","width":1200,"height":800},{"@type":"BreadcrumbList","@id":"https:\/\/publicacoes.estadao.com.br\/guia-de-colegios\/brasil-ganha-sistema-nacional-de-educacao\/#breadcrumb","itemListElement":[{"@type":"ListItem","position":1,"name":"In\u00edcio","item":"https:\/\/publicacoes.estadao.com.br\/guia-de-colegios\/"},{"@type":"ListItem","position":2,"name":"Brasil ganha Sistema Nacional de Educa\u00e7\u00e3o"}]},{"@type":"WebSite","@id":"https:\/\/publicacoes.estadao.com.br\/guia-de-colegios\/#website","url":"https:\/\/publicacoes.estadao.com.br\/guia-de-colegios\/","name":"Guia de Col\u00e9gios 2025","description":"","potentialAction":[{"@type":"SearchAction","target":{"@type":"EntryPoint","urlTemplate":"https:\/\/publicacoes.estadao.com.br\/guia-de-colegios\/?s={search_term_string}"},"query-input":{"@type":"PropertyValueSpecification","valueRequired":true,"valueName":"search_term_string"}}],"inLanguage":"pt-BR"},{"@type":"Person","@id":"https:\/\/publicacoes.estadao.com.br\/guia-de-colegios\/#\/schema\/person\/3c584ebce1956a0d6bae91ff7aa5f627","name":"Vinicius","image":{"@type":"ImageObject","inLanguage":"pt-BR","@id":"https:\/\/secure.gravatar.com\/avatar\/3af60fb5561aed7ea3d5ee6d82e339cff659e6c8a5b4adeae091cf43d0fc064f?s=96&d=mm&r=g","url":"https:\/\/secure.gravatar.com\/avatar\/3af60fb5561aed7ea3d5ee6d82e339cff659e6c8a5b4adeae091cf43d0fc064f?s=96&d=mm&r=g","contentUrl":"https:\/\/secure.gravatar.com\/avatar\/3af60fb5561aed7ea3d5ee6d82e339cff659e6c8a5b4adeae091cf43d0fc064f?s=96&d=mm&r=g","caption":"Vinicius"},"url":"https:\/\/publicacoes.estadao.com.br\/guia-de-colegios\/author\/vinicius\/"}]}},"_links":{"self":[{"href":"https:\/\/publicacoes.estadao.com.br\/guia-de-colegios\/wp-json\/wp\/v2\/posts\/884929","targetHints":{"allow":["GET"]}}],"collection":[{"href":"https:\/\/publicacoes.estadao.com.br\/guia-de-colegios\/wp-json\/wp\/v2\/posts"}],"about":[{"href":"https:\/\/publicacoes.estadao.com.br\/guia-de-colegios\/wp-json\/wp\/v2\/types\/post"}],"author":[{"embeddable":true,"href":"https:\/\/publicacoes.estadao.com.br\/guia-de-colegios\/wp-json\/wp\/v2\/users\/2"}],"replies":[{"embeddable":true,"href":"https:\/\/publicacoes.estadao.com.br\/guia-de-colegios\/wp-json\/wp\/v2\/comments?post=884929"}],"version-history":[{"count":1,"href":"https:\/\/publicacoes.estadao.com.br\/guia-de-colegios\/wp-json\/wp\/v2\/posts\/884929\/revisions"}],"predecessor-version":[{"id":884931,"href":"https:\/\/publicacoes.estadao.com.br\/guia-de-colegios\/wp-json\/wp\/v2\/posts\/884929\/revisions\/884931"}],"wp:featuredmedia":[{"embeddable":true,"href":"https:\/\/publicacoes.estadao.com.br\/guia-de-colegios\/wp-json\/wp\/v2\/media\/884930"}],"wp:attachment":[{"href":"https:\/\/publicacoes.estadao.com.br\/guia-de-colegios\/wp-json\/wp\/v2\/media?parent=884929"}],"wp:term":[{"taxonomy":"category","embeddable":true,"href":"https:\/\/publicacoes.estadao.com.br\/guia-de-colegios\/wp-json\/wp\/v2\/categories?post=884929"},{"taxonomy":"post_tag","embeddable":true,"href":"https:\/\/publicacoes.estadao.com.br\/guia-de-colegios\/wp-json\/wp\/v2\/tags?post=884929"}],"curies":[{"name":"wp","href":"https:\/\/api.w.org\/{rel}","templated":true}]}}