{"id":251482,"date":"2024-12-23T15:12:34","date_gmt":"2024-12-23T18:12:34","guid":{"rendered":"https:\/\/publicacoes.estadao.com.br\/guia-da-faculdade\/?p=215024"},"modified":"2024-12-23T15:12:34","modified_gmt":"2024-12-23T18:12:34","slug":"sao-jose-do-rio-preto-recebera-um-campus-da-universidade-federal-de-sao-carlos","status":"publish","type":"post","link":"https:\/\/publicacoes.estadao.com.br\/guia-da-faculdade\/sao-jose-do-rio-preto-recebera-um-campus-da-universidade-federal-de-sao-carlos\/","title":{"rendered":"S\u00e3o Jos\u00e9 do Rio Preto receber\u00e1 um campus da Universidade Federal de S\u00e3o Carlos"},"content":{"rendered":"<p>A cidade de S\u00e3o Jos\u00e9 do Rio Preto ser\u00e1 sede do novo c\u00e2mpus da Universidade Federal de S\u00e3o Carlos (UFSCar). A unidade faz parte da proposta de expans\u00e3o da universidade aprovada na sexta-feira, 13.<\/p>\n<p>Distante 445 quil\u00f4metros da capital, a cidade tem 501 mil habitantes e fica na regi\u00e3o noroeste do Estado. A defini\u00e7\u00e3o dos cursos a serem criados no c\u00e2mpus de S\u00e3o Jos\u00e9 do Rio Preto ocorrer\u00e1 em 2025, ap\u00f3s discuss\u00e3o com o Conselho Universit\u00e1rio. As instala\u00e7\u00f5es do novo c\u00e2mpus dever\u00e3o ser em \u00e1rea pertencente ao Parque Tecnol\u00f3gico de S\u00e3o Jos\u00e9 do Rio Preto.<\/p>\n<h3>Junto \u00e0 expans\u00e3o, foram definidas as condi\u00e7\u00f5es a serem garantidas para que ela aconte\u00e7a, incluindo:<\/h3>\n<p><strong>1-<\/strong> Retomada do projeto de implanta\u00e7\u00e3o do c\u00e2mpus Lagoa do Sino;<br \/>\n<strong>2-<\/strong> Amplia\u00e7\u00e3o do quadro de servidores t\u00e9cnico-administrativos da UFSCar, em busca de uma rela\u00e7\u00e3o de t\u00e9cnicos com docentes pr\u00f3xima de 1;<br \/>\n<strong>3-<\/strong> Condi\u00e7\u00f5es organizacionais, com destina\u00e7\u00e3o de cargos de dire\u00e7\u00e3o e fun\u00e7\u00f5es gratificadas, que garantam o funcionamento adequado da Institui\u00e7\u00e3o;<br \/>\n<strong>4-<\/strong> Adequado financiamento de custeio de toda a universidade.<\/p>\n<p><strong>Negocia\u00e7\u00f5es<\/strong><br \/>\nA universidade afirmou que \u201cuma s\u00e9rie de decis\u00f5es j\u00e1 foram encaminhadas\u201d sobre poss\u00edveis locais para implanta\u00e7\u00e3o do c\u00e2mpus em Rio Preto. Ap\u00f3s visita da comiss\u00e3o t\u00e9cnica da UFSCar ao munic\u00edpio, a \u00e1rea pertencente ao Parque Tecnol\u00f3gico de S\u00e3o Jos\u00e9 do Rio Preto \u201cficou encaminhada como priorit\u00e1ria\u201d, disse a gest\u00e3o.<\/p>\n<p>O conselho do Parque se reuniu nesta ter\u00e7a-feira, 17, aprovando a doa\u00e7\u00e3o da \u00e1rea. Para oficializar a cess\u00e3o, um projeto de lei deve ser votado na C\u00e2mara Municipal ainda nesta semana.<\/p>\n<p>A respeito das condi\u00e7\u00f5es em negocia\u00e7\u00e3o com o Minist\u00e9rio da Educa\u00e7\u00e3o (MEC), a universidade afirma que o modelo apresentado pela pasta para os novos campi inclu\u00eddos no Programa de Acelera\u00e7\u00e3o do Crescimento (PAC) prev\u00ea 185 docentes e 203 servidores t\u00e9cnico-administrativo para a meta de instala\u00e7\u00e3o de seis cursos de gradua\u00e7\u00e3o, com recursos financeiros de R$ 60 milh\u00f5es para obras e R$ 10 milh\u00f5es em equipamentos.<\/p>\n<p>J\u00e1 a proposta apresentada pela UFSCar adiciona 65 vagas docentes e 120 t\u00e9cnicos.<\/p>\n<p><strong>Por que um novo c\u00e2mpus?<\/strong><br \/>\nSegundo a reitora da UFSCar, Ana Beatriz Oliveira, o novo c\u00e2mpus faz sentido \u201cpela proposta da UFSCar de ser uma universidade multicampi\u201d. \u201cFiquei me perguntando o que seria da UFSCar se ela n\u00e3o tivesse tomado todas essas decis\u00f5es (de expans\u00e3o para Araras, Sorocaba e Lagoa do Sino). Acho que ser\u00edamos uma institui\u00e7\u00e3o muito diminuta [\u2026] e que n\u00e3o teria a grandeza que tem. Hoje, a nossa universidade \u00e9 muito reconhecida pela compet\u00eancia que teve ao conduzir todos esses processos de expans\u00e3o\u201d, disse a dirigente.<\/p>\n<p><strong>Novo PAC<\/strong><br \/>\nDas nove obras previstas para a UFSCar, um edif\u00edcio j\u00e1 est\u00e1 em constru\u00e7\u00e3o, tr\u00eas obras foram licitadas e as demais ser\u00e3o licitadas em 2025, dentro do planejamento pactuado com o MEC. A universidade receber\u00e1 cerca de R$ 46,2 milh\u00f5es para investir nos campi j\u00e1 existentes, aos quais se somam R$ 23,9 milh\u00f5es para obras no Hospital Universit\u00e1rio.<\/p>\n<p>O Novo PAC diz respeito n\u00e3o apenas \u00e0 infraestrutura, mas tamb\u00e9m \u00e0 amplia\u00e7\u00e3o acad\u00eamica, disse a reitora, citando tr\u00eas novos cursos de gradua\u00e7\u00e3o nos campi de Lagoa do Sino e um em Sorocaba.<\/p>\n<p><a href=\"https:\/\/www.estadao.com.br\/educacao\/cidade-do-interior-de-sp-tera-universidade-federal-veja-onde-nprm\/\" target=\"_blank\">S\u00e3o Jos\u00e9 do Rio Preto receber\u00e1 um campus da Universidade Federal de S\u00e3o Carlos<\/a> <\/p>\n<p><em>Foto: Semae<\/em><\/p>\n","protected":false},"excerpt":{"rendered":"<p>A cidade de S\u00e3o Jos\u00e9 do Rio Preto ser\u00e1 sede do novo c\u00e2mpus da Universidade Federal de S\u00e3o Carlos (UFSCar). A unidade faz parte da proposta de expans\u00e3o da universidade aprovada na sexta-feira, 13. Distante 445 quil\u00f4metros da capital, a cidade tem 501 mil habitantes e fica na regi\u00e3o noroeste do Estado. A defini\u00e7\u00e3o dos &hellip; <a href=\"https:\/\/publicacoes.estadao.com.br\/guia-da-faculdade\/sao-jose-do-rio-preto-recebera-um-campus-da-universidade-federal-de-sao-carlos\/\">Continued<\/a><\/p>\n","protected":false},"author":1,"featured_media":251586,"comment_status":"open","ping_status":"open","sticky":false,"template":"","format":"standard","meta":{"_acf_changed":false,"footnotes":""},"categories":[1],"tags":[],"class_list":["post-251482","post","type-post","status-publish","format-standard","has-post-thumbnail","hentry","category-sem-categoria"],"acf":[],"yoast_head":"<!-- This site is optimized with the Yoast SEO plugin v27.3 - https:\/\/yoast.com\/product\/yoast-seo-wordpress\/ -->\n<title>S\u00e3o Jos\u00e9 do Rio Preto receber\u00e1 um campus da Universidade Federal de S\u00e3o Carlos - Guia da Faculdade 2025<\/title>\n<meta name=\"robots\" content=\"index, follow, max-snippet:-1, max-image-preview:large, max-video-preview:-1\" \/>\n<link rel=\"canonical\" href=\"https:\/\/publicacoes.estadao.com.br\/guia-da-faculdade\/sao-jose-do-rio-preto-recebera-um-campus-da-universidade-federal-de-sao-carlos\/\" \/>\n<meta property=\"og:locale\" content=\"pt_BR\" \/>\n<meta property=\"og:type\" content=\"article\" \/>\n<meta property=\"og:title\" content=\"S\u00e3o Jos\u00e9 do Rio Preto receber\u00e1 um campus da Universidade Federal de S\u00e3o Carlos - Guia da Faculdade 2025\" \/>\n<meta property=\"og:description\" content=\"A cidade de S\u00e3o Jos\u00e9 do Rio Preto ser\u00e1 sede do novo c\u00e2mpus da Universidade Federal de S\u00e3o Carlos (UFSCar). A unidade faz parte da proposta de expans\u00e3o da universidade aprovada na sexta-feira, 13. Distante 445 quil\u00f4metros da capital, a cidade tem 501 mil habitantes e fica na regi\u00e3o noroeste do Estado. A defini\u00e7\u00e3o dos &hellip; Continued\" \/>\n<meta property=\"og:url\" content=\"https:\/\/publicacoes.estadao.com.br\/guia-da-faculdade\/sao-jose-do-rio-preto-recebera-um-campus-da-universidade-federal-de-sao-carlos\/\" \/>\n<meta property=\"og:site_name\" content=\"Guia da Faculdade 2025\" \/>\n<meta property=\"article:published_time\" content=\"2024-12-23T18:12:34+00:00\" \/>\n<meta property=\"og:image\" content=\"https:\/\/publicacoes.estadao.com.br\/guia-da-faculdade\/wp-content\/uploads\/2024\/12\/image1-8.jpg\" \/>\n\t<meta property=\"og:image:width\" content=\"1200\" \/>\n\t<meta property=\"og:image:height\" content=\"675\" \/>\n\t<meta property=\"og:image:type\" content=\"image\/jpeg\" \/>\n<meta name=\"author\" content=\"geosfera\" \/>\n<meta name=\"twitter:card\" content=\"summary_large_image\" \/>\n<meta name=\"twitter:label1\" content=\"Escrito por\" \/>\n\t<meta name=\"twitter:data1\" content=\"geosfera\" \/>\n\t<meta name=\"twitter:label2\" content=\"Est. tempo de leitura\" \/>\n\t<meta name=\"twitter:data2\" content=\"1 minuto\" \/>\n<script type=\"application\/ld+json\" class=\"yoast-schema-graph\">{\"@context\":\"https:\\\/\\\/schema.org\",\"@graph\":[{\"@type\":\"Article\",\"@id\":\"https:\\\/\\\/publicacoes.estadao.com.br\\\/guia-da-faculdade\\\/sao-jose-do-rio-preto-recebera-um-campus-da-universidade-federal-de-sao-carlos\\\/#article\",\"isPartOf\":{\"@id\":\"https:\\\/\\\/publicacoes.estadao.com.br\\\/guia-da-faculdade\\\/sao-jose-do-rio-preto-recebera-um-campus-da-universidade-federal-de-sao-carlos\\\/\"},\"author\":{\"name\":\"geosfera\",\"@id\":\"https:\\\/\\\/publicacoes.estadao.com.br\\\/guia-da-faculdade\\\/#\\\/schema\\\/person\\\/fcb8886c03a6058d3bdf92324b596d26\"},\"headline\":\"S\u00e3o Jos\u00e9 do Rio Preto receber\u00e1 um campus da Universidade Federal de S\u00e3o Carlos\",\"datePublished\":\"2024-12-23T18:12:34+00:00\",\"mainEntityOfPage\":{\"@id\":\"https:\\\/\\\/publicacoes.estadao.com.br\\\/guia-da-faculdade\\\/sao-jose-do-rio-preto-recebera-um-campus-da-universidade-federal-de-sao-carlos\\\/\"},\"wordCount\":609,\"commentCount\":0,\"image\":{\"@id\":\"https:\\\/\\\/publicacoes.estadao.com.br\\\/guia-da-faculdade\\\/sao-jose-do-rio-preto-recebera-um-campus-da-universidade-federal-de-sao-carlos\\\/#primaryimage\"},\"thumbnailUrl\":\"https:\\\/\\\/publicacoes.estadao.com.br\\\/guia-da-faculdade\\\/wp-content\\\/uploads\\\/2024\\\/12\\\/image1-8.jpg\",\"inLanguage\":\"pt-BR\",\"potentialAction\":[{\"@type\":\"CommentAction\",\"name\":\"Comment\",\"target\":[\"https:\\\/\\\/publicacoes.estadao.com.br\\\/guia-da-faculdade\\\/sao-jose-do-rio-preto-recebera-um-campus-da-universidade-federal-de-sao-carlos\\\/#respond\"]}]},{\"@type\":\"WebPage\",\"@id\":\"https:\\\/\\\/publicacoes.estadao.com.br\\\/guia-da-faculdade\\\/sao-jose-do-rio-preto-recebera-um-campus-da-universidade-federal-de-sao-carlos\\\/\",\"url\":\"https:\\\/\\\/publicacoes.estadao.com.br\\\/guia-da-faculdade\\\/sao-jose-do-rio-preto-recebera-um-campus-da-universidade-federal-de-sao-carlos\\\/\",\"name\":\"S\u00e3o Jos\u00e9 do Rio Preto receber\u00e1 um campus da Universidade Federal de S\u00e3o Carlos - Guia da Faculdade 2025\",\"isPartOf\":{\"@id\":\"https:\\\/\\\/publicacoes.estadao.com.br\\\/guia-da-faculdade\\\/#website\"},\"primaryImageOfPage\":{\"@id\":\"https:\\\/\\\/publicacoes.estadao.com.br\\\/guia-da-faculdade\\\/sao-jose-do-rio-preto-recebera-um-campus-da-universidade-federal-de-sao-carlos\\\/#primaryimage\"},\"image\":{\"@id\":\"https:\\\/\\\/publicacoes.estadao.com.br\\\/guia-da-faculdade\\\/sao-jose-do-rio-preto-recebera-um-campus-da-universidade-federal-de-sao-carlos\\\/#primaryimage\"},\"thumbnailUrl\":\"https:\\\/\\\/publicacoes.estadao.com.br\\\/guia-da-faculdade\\\/wp-content\\\/uploads\\\/2024\\\/12\\\/image1-8.jpg\",\"datePublished\":\"2024-12-23T18:12:34+00:00\",\"author\":{\"@id\":\"https:\\\/\\\/publicacoes.estadao.com.br\\\/guia-da-faculdade\\\/#\\\/schema\\\/person\\\/fcb8886c03a6058d3bdf92324b596d26\"},\"breadcrumb\":{\"@id\":\"https:\\\/\\\/publicacoes.estadao.com.br\\\/guia-da-faculdade\\\/sao-jose-do-rio-preto-recebera-um-campus-da-universidade-federal-de-sao-carlos\\\/#breadcrumb\"},\"inLanguage\":\"pt-BR\",\"potentialAction\":[{\"@type\":\"ReadAction\",\"target\":[\"https:\\\/\\\/publicacoes.estadao.com.br\\\/guia-da-faculdade\\\/sao-jose-do-rio-preto-recebera-um-campus-da-universidade-federal-de-sao-carlos\\\/\"]}]},{\"@type\":\"ImageObject\",\"inLanguage\":\"pt-BR\",\"@id\":\"https:\\\/\\\/publicacoes.estadao.com.br\\\/guia-da-faculdade\\\/sao-jose-do-rio-preto-recebera-um-campus-da-universidade-federal-de-sao-carlos\\\/#primaryimage\",\"url\":\"https:\\\/\\\/publicacoes.estadao.com.br\\\/guia-da-faculdade\\\/wp-content\\\/uploads\\\/2024\\\/12\\\/image1-8.jpg\",\"contentUrl\":\"https:\\\/\\\/publicacoes.estadao.com.br\\\/guia-da-faculdade\\\/wp-content\\\/uploads\\\/2024\\\/12\\\/image1-8.jpg\",\"width\":1200,\"height\":675},{\"@type\":\"BreadcrumbList\",\"@id\":\"https:\\\/\\\/publicacoes.estadao.com.br\\\/guia-da-faculdade\\\/sao-jose-do-rio-preto-recebera-um-campus-da-universidade-federal-de-sao-carlos\\\/#breadcrumb\",\"itemListElement\":[{\"@type\":\"ListItem\",\"position\":1,\"name\":\"In\u00edcio\",\"item\":\"https:\\\/\\\/publicacoes.estadao.com.br\\\/guia-da-faculdade\\\/\"},{\"@type\":\"ListItem\",\"position\":2,\"name\":\"S\u00e3o Jos\u00e9 do Rio Preto receber\u00e1 um campus da Universidade Federal de S\u00e3o Carlos\"}]},{\"@type\":\"WebSite\",\"@id\":\"https:\\\/\\\/publicacoes.estadao.com.br\\\/guia-da-faculdade\\\/#website\",\"url\":\"https:\\\/\\\/publicacoes.estadao.com.br\\\/guia-da-faculdade\\\/\",\"name\":\"Guia da Faculdade 2025\",\"description\":\"\",\"potentialAction\":[{\"@type\":\"SearchAction\",\"target\":{\"@type\":\"EntryPoint\",\"urlTemplate\":\"https:\\\/\\\/publicacoes.estadao.com.br\\\/guia-da-faculdade\\\/?s={search_term_string}\"},\"query-input\":{\"@type\":\"PropertyValueSpecification\",\"valueRequired\":true,\"valueName\":\"search_term_string\"}}],\"inLanguage\":\"pt-BR\"},{\"@type\":\"Person\",\"@id\":\"https:\\\/\\\/publicacoes.estadao.com.br\\\/guia-da-faculdade\\\/#\\\/schema\\\/person\\\/fcb8886c03a6058d3bdf92324b596d26\",\"name\":\"geosfera\",\"image\":{\"@type\":\"ImageObject\",\"inLanguage\":\"pt-BR\",\"@id\":\"https:\\\/\\\/secure.gravatar.com\\\/avatar\\\/9d33d40efdce4963188a84bd4777a5f81f7c8e9cfcc15e6853c05f5cfee4c0ab?s=96&d=mm&r=g\",\"url\":\"https:\\\/\\\/secure.gravatar.com\\\/avatar\\\/9d33d40efdce4963188a84bd4777a5f81f7c8e9cfcc15e6853c05f5cfee4c0ab?s=96&d=mm&r=g\",\"contentUrl\":\"https:\\\/\\\/secure.gravatar.com\\\/avatar\\\/9d33d40efdce4963188a84bd4777a5f81f7c8e9cfcc15e6853c05f5cfee4c0ab?s=96&d=mm&r=g\",\"caption\":\"geosfera\"},\"sameAs\":[\"http:\\\/\\\/webapp407822.ip-194-195-223-103.cloudezapp.io\\\/\"],\"url\":\"https:\\\/\\\/publicacoes.estadao.com.br\\\/guia-da-faculdade\\\/author\\\/geosfera\\\/\"}]}<\/script>\n<!-- \/ Yoast SEO plugin. -->","yoast_head_json":{"title":"S\u00e3o Jos\u00e9 do Rio Preto receber\u00e1 um campus da Universidade Federal de S\u00e3o Carlos - Guia da Faculdade 2025","robots":{"index":"index","follow":"follow","max-snippet":"max-snippet:-1","max-image-preview":"max-image-preview:large","max-video-preview":"max-video-preview:-1"},"canonical":"https:\/\/publicacoes.estadao.com.br\/guia-da-faculdade\/sao-jose-do-rio-preto-recebera-um-campus-da-universidade-federal-de-sao-carlos\/","og_locale":"pt_BR","og_type":"article","og_title":"S\u00e3o Jos\u00e9 do Rio Preto receber\u00e1 um campus da Universidade Federal de S\u00e3o Carlos - Guia da Faculdade 2025","og_description":"A cidade de S\u00e3o Jos\u00e9 do Rio Preto ser\u00e1 sede do novo c\u00e2mpus da Universidade Federal de S\u00e3o Carlos (UFSCar). A unidade faz parte da proposta de expans\u00e3o da universidade aprovada na sexta-feira, 13. Distante 445 quil\u00f4metros da capital, a cidade tem 501 mil habitantes e fica na regi\u00e3o noroeste do Estado. A defini\u00e7\u00e3o dos &hellip; Continued","og_url":"https:\/\/publicacoes.estadao.com.br\/guia-da-faculdade\/sao-jose-do-rio-preto-recebera-um-campus-da-universidade-federal-de-sao-carlos\/","og_site_name":"Guia da Faculdade 2025","article_published_time":"2024-12-23T18:12:34+00:00","og_image":[{"width":1200,"height":675,"url":"https:\/\/publicacoes.estadao.com.br\/guia-da-faculdade\/wp-content\/uploads\/2024\/12\/image1-8.jpg","type":"image\/jpeg"}],"author":"geosfera","twitter_card":"summary_large_image","twitter_misc":{"Escrito por":"geosfera","Est. tempo de leitura":"1 minuto"},"schema":{"@context":"https:\/\/schema.org","@graph":[{"@type":"Article","@id":"https:\/\/publicacoes.estadao.com.br\/guia-da-faculdade\/sao-jose-do-rio-preto-recebera-um-campus-da-universidade-federal-de-sao-carlos\/#article","isPartOf":{"@id":"https:\/\/publicacoes.estadao.com.br\/guia-da-faculdade\/sao-jose-do-rio-preto-recebera-um-campus-da-universidade-federal-de-sao-carlos\/"},"author":{"name":"geosfera","@id":"https:\/\/publicacoes.estadao.com.br\/guia-da-faculdade\/#\/schema\/person\/fcb8886c03a6058d3bdf92324b596d26"},"headline":"S\u00e3o Jos\u00e9 do Rio Preto receber\u00e1 um campus da Universidade Federal de S\u00e3o Carlos","datePublished":"2024-12-23T18:12:34+00:00","mainEntityOfPage":{"@id":"https:\/\/publicacoes.estadao.com.br\/guia-da-faculdade\/sao-jose-do-rio-preto-recebera-um-campus-da-universidade-federal-de-sao-carlos\/"},"wordCount":609,"commentCount":0,"image":{"@id":"https:\/\/publicacoes.estadao.com.br\/guia-da-faculdade\/sao-jose-do-rio-preto-recebera-um-campus-da-universidade-federal-de-sao-carlos\/#primaryimage"},"thumbnailUrl":"https:\/\/publicacoes.estadao.com.br\/guia-da-faculdade\/wp-content\/uploads\/2024\/12\/image1-8.jpg","inLanguage":"pt-BR","potentialAction":[{"@type":"CommentAction","name":"Comment","target":["https:\/\/publicacoes.estadao.com.br\/guia-da-faculdade\/sao-jose-do-rio-preto-recebera-um-campus-da-universidade-federal-de-sao-carlos\/#respond"]}]},{"@type":"WebPage","@id":"https:\/\/publicacoes.estadao.com.br\/guia-da-faculdade\/sao-jose-do-rio-preto-recebera-um-campus-da-universidade-federal-de-sao-carlos\/","url":"https:\/\/publicacoes.estadao.com.br\/guia-da-faculdade\/sao-jose-do-rio-preto-recebera-um-campus-da-universidade-federal-de-sao-carlos\/","name":"S\u00e3o Jos\u00e9 do Rio Preto receber\u00e1 um campus da Universidade Federal de S\u00e3o Carlos - Guia da Faculdade 2025","isPartOf":{"@id":"https:\/\/publicacoes.estadao.com.br\/guia-da-faculdade\/#website"},"primaryImageOfPage":{"@id":"https:\/\/publicacoes.estadao.com.br\/guia-da-faculdade\/sao-jose-do-rio-preto-recebera-um-campus-da-universidade-federal-de-sao-carlos\/#primaryimage"},"image":{"@id":"https:\/\/publicacoes.estadao.com.br\/guia-da-faculdade\/sao-jose-do-rio-preto-recebera-um-campus-da-universidade-federal-de-sao-carlos\/#primaryimage"},"thumbnailUrl":"https:\/\/publicacoes.estadao.com.br\/guia-da-faculdade\/wp-content\/uploads\/2024\/12\/image1-8.jpg","datePublished":"2024-12-23T18:12:34+00:00","author":{"@id":"https:\/\/publicacoes.estadao.com.br\/guia-da-faculdade\/#\/schema\/person\/fcb8886c03a6058d3bdf92324b596d26"},"breadcrumb":{"@id":"https:\/\/publicacoes.estadao.com.br\/guia-da-faculdade\/sao-jose-do-rio-preto-recebera-um-campus-da-universidade-federal-de-sao-carlos\/#breadcrumb"},"inLanguage":"pt-BR","potentialAction":[{"@type":"ReadAction","target":["https:\/\/publicacoes.estadao.com.br\/guia-da-faculdade\/sao-jose-do-rio-preto-recebera-um-campus-da-universidade-federal-de-sao-carlos\/"]}]},{"@type":"ImageObject","inLanguage":"pt-BR","@id":"https:\/\/publicacoes.estadao.com.br\/guia-da-faculdade\/sao-jose-do-rio-preto-recebera-um-campus-da-universidade-federal-de-sao-carlos\/#primaryimage","url":"https:\/\/publicacoes.estadao.com.br\/guia-da-faculdade\/wp-content\/uploads\/2024\/12\/image1-8.jpg","contentUrl":"https:\/\/publicacoes.estadao.com.br\/guia-da-faculdade\/wp-content\/uploads\/2024\/12\/image1-8.jpg","width":1200,"height":675},{"@type":"BreadcrumbList","@id":"https:\/\/publicacoes.estadao.com.br\/guia-da-faculdade\/sao-jose-do-rio-preto-recebera-um-campus-da-universidade-federal-de-sao-carlos\/#breadcrumb","itemListElement":[{"@type":"ListItem","position":1,"name":"In\u00edcio","item":"https:\/\/publicacoes.estadao.com.br\/guia-da-faculdade\/"},{"@type":"ListItem","position":2,"name":"S\u00e3o Jos\u00e9 do Rio Preto receber\u00e1 um campus da Universidade Federal de S\u00e3o Carlos"}]},{"@type":"WebSite","@id":"https:\/\/publicacoes.estadao.com.br\/guia-da-faculdade\/#website","url":"https:\/\/publicacoes.estadao.com.br\/guia-da-faculdade\/","name":"Guia da Faculdade 2025","description":"","potentialAction":[{"@type":"SearchAction","target":{"@type":"EntryPoint","urlTemplate":"https:\/\/publicacoes.estadao.com.br\/guia-da-faculdade\/?s={search_term_string}"},"query-input":{"@type":"PropertyValueSpecification","valueRequired":true,"valueName":"search_term_string"}}],"inLanguage":"pt-BR"},{"@type":"Person","@id":"https:\/\/publicacoes.estadao.com.br\/guia-da-faculdade\/#\/schema\/person\/fcb8886c03a6058d3bdf92324b596d26","name":"geosfera","image":{"@type":"ImageObject","inLanguage":"pt-BR","@id":"https:\/\/secure.gravatar.com\/avatar\/9d33d40efdce4963188a84bd4777a5f81f7c8e9cfcc15e6853c05f5cfee4c0ab?s=96&d=mm&r=g","url":"https:\/\/secure.gravatar.com\/avatar\/9d33d40efdce4963188a84bd4777a5f81f7c8e9cfcc15e6853c05f5cfee4c0ab?s=96&d=mm&r=g","contentUrl":"https:\/\/secure.gravatar.com\/avatar\/9d33d40efdce4963188a84bd4777a5f81f7c8e9cfcc15e6853c05f5cfee4c0ab?s=96&d=mm&r=g","caption":"geosfera"},"sameAs":["http:\/\/webapp407822.ip-194-195-223-103.cloudezapp.io\/"],"url":"https:\/\/publicacoes.estadao.com.br\/guia-da-faculdade\/author\/geosfera\/"}]}},"_links":{"self":[{"href":"https:\/\/publicacoes.estadao.com.br\/guia-da-faculdade\/wp-json\/wp\/v2\/posts\/251482","targetHints":{"allow":["GET"]}}],"collection":[{"href":"https:\/\/publicacoes.estadao.com.br\/guia-da-faculdade\/wp-json\/wp\/v2\/posts"}],"about":[{"href":"https:\/\/publicacoes.estadao.com.br\/guia-da-faculdade\/wp-json\/wp\/v2\/types\/post"}],"author":[{"embeddable":true,"href":"https:\/\/publicacoes.estadao.com.br\/guia-da-faculdade\/wp-json\/wp\/v2\/users\/1"}],"replies":[{"embeddable":true,"href":"https:\/\/publicacoes.estadao.com.br\/guia-da-faculdade\/wp-json\/wp\/v2\/comments?post=251482"}],"version-history":[{"count":0,"href":"https:\/\/publicacoes.estadao.com.br\/guia-da-faculdade\/wp-json\/wp\/v2\/posts\/251482\/revisions"}],"wp:featuredmedia":[{"embeddable":true,"href":"https:\/\/publicacoes.estadao.com.br\/guia-da-faculdade\/wp-json\/wp\/v2\/media\/251586"}],"wp:attachment":[{"href":"https:\/\/publicacoes.estadao.com.br\/guia-da-faculdade\/wp-json\/wp\/v2\/media?parent=251482"}],"wp:term":[{"taxonomy":"category","embeddable":true,"href":"https:\/\/publicacoes.estadao.com.br\/guia-da-faculdade\/wp-json\/wp\/v2\/categories?post=251482"},{"taxonomy":"post_tag","embeddable":true,"href":"https:\/\/publicacoes.estadao.com.br\/guia-da-faculdade\/wp-json\/wp\/v2\/tags?post=251482"}],"curies":[{"name":"wp","href":"https:\/\/api.w.org\/{rel}","templated":true}]}}