{"id":251469,"date":"2024-11-18T17:47:59","date_gmt":"2024-11-18T20:47:59","guid":{"rendered":"https:\/\/publicacoes.estadao.com.br\/guia-da-faculdade\/?p=214979"},"modified":"2024-11-18T17:47:59","modified_gmt":"2024-11-18T20:47:59","slug":"alesp-aprova-projeto-que-proibe-celular-nas-escolas-de-sp-principais-perguntas-e-respostas","status":"publish","type":"post","link":"https:\/\/publicacoes.estadao.com.br\/guia-da-faculdade\/alesp-aprova-projeto-que-proibe-celular-nas-escolas-de-sp-principais-perguntas-e-respostas\/","title":{"rendered":"Alesp aprova projeto que pro\u00edbe celular nas escolas de SP: principais perguntas e respostas"},"content":{"rendered":"<p>O projeto de lei aprovado pelos deputados da Assembleia Legislativa de S\u00e3o Paulo nesta ter\u00e7a-feira, 12, pro\u00edbe os celulares nas escolas p\u00fablicas e privadas paulistas em toda a educa\u00e7\u00e3o b\u00e1sica, para todas as idades. O Estado \u00e9 o primeiro no Pa\u00eds a ter uma legisla\u00e7\u00e3o atual nesse sentido.<\/p>\n<p>\u201cFica proibida a utiliza\u00e7\u00e3o de celulares e outros dispositivos eletr\u00f4nicos pelos alunos nas unidades escolares da rede p\u00fablica e privada de ensino, no \u00e2mbito do Estado de S\u00e3o Paulo\u201d, diz a proposta.<\/p>\n<p>O texto ainda precisa ser sancionado pelo governador Tarc\u00edsio de Freitas (Republicanos).<\/p>\n<h3>Veja perguntas e respostas sobre o assunto:<\/h3>\n<p><strong>Por que celular foi proibido?<\/strong><br \/>\nNos \u00faltimos anos, diversas pesquisas t\u00eam apontado o preju\u00edzo das telas para crian\u00e7as e adolescentes. Ganhou for\u00e7a no Pa\u00eds o consenso sobre os danos na aprendizagem e no desenvolvimento das crian\u00e7as e adolescentes causado pelo celular.<\/p>\n<p>Pelo texto, os celulares e demais aparelhos n\u00e3o poder\u00e3o ser usados no per\u00edodo de perman\u00eancia dos alunos na escola, incluindo intervalos entre aulas, recreios e eventuais atividades extracurriculares.<\/p>\n<p><strong>Somente celulares ficar\u00e3o proibidos?<\/strong><br \/>\nN\u00e3o. O texto tamb\u00e9m veta o uso de qualquer dispositivo eletr\u00f4nico que tenha acesso \u00e0 internet, tais como: celulares, tablets, rel\u00f3gios inteligentes e outros similares.<\/p>\n<p><strong>Durante qual per\u00edodo o aluno n\u00e3o poder\u00e1 usar?<\/strong><br \/>\nO PL considera o per\u00edodo das aulas aquele de perman\u00eancia do aluno na escola, incluindo os intervalos entre as aulas, recreios e eventuais atividades extracurriculares.<\/p>\n<p><strong>Qual deve ser o papel das escolas?<\/strong><br \/>\nAs institui\u00e7\u00f5es de ensino, p\u00fablicas e privadas, dever\u00e3o criar solu\u00e7\u00f5es de armazenamento desses aparelhos \u201cde forma segura, sem a possibilidade de acess\u00e1-los durante o per\u00edodo de aulas\u201d.<\/p>\n<p>Para que as fam\u00edlias possam se comunicar com os alunos que eventualmente usavam o celular para isso, o projeto diz que a escola deve ter \u201ccanais acess\u00edveis para a comunica\u00e7\u00e3o entre pais, respons\u00e1veis e a institui\u00e7\u00e3o de ensino\u201d.<\/p>\n<p>Caber\u00e1 ao estado a regulamenta\u00e7\u00e3o da lei.<\/p>\n<p><strong>O que acontece no caso dos estudantes que levarem o celular para a escola?<\/strong><br \/>\nNo caso de alunos que optarem por levar seus celulares para as escolas dever\u00e3o deix\u00e1-los armazenados e assumem a responsabilidade por eventual extravio ou dano.<\/p>\n<p><strong>E no caso de alunos com defici\u00eancia?<\/strong><br \/>\nO celular poder\u00e1 ser usado quando houver necessidade pedag\u00f3gica ou por alunos com defici\u00eancia que requerem aux\u00edlios tecnol\u00f3gicos espec\u00edficos.<\/p>\n<p><a href=\"https:\/\/www.estadao.com.br\/educacao\/aprovacao-lei-proibe-celular-escolas-veja-o-que-muda-nprm\/\" target=\"_blank\">Alesp aprova projeto que pro\u00edbe celular nas escolas de SP: principais perguntas e respostas<\/a><\/p>\n<p><em>Foto: LP<\/em><\/p>\n","protected":false},"excerpt":{"rendered":"<p>O projeto de lei aprovado pelos deputados da Assembleia Legislativa de S\u00e3o Paulo nesta ter\u00e7a-feira, 12, pro\u00edbe os celulares nas escolas p\u00fablicas e privadas paulistas em toda a educa\u00e7\u00e3o b\u00e1sica, para todas as idades. O Estado \u00e9 o primeiro no Pa\u00eds a ter uma legisla\u00e7\u00e3o atual nesse sentido. \u201cFica proibida a utiliza\u00e7\u00e3o de celulares e &hellip; <a href=\"https:\/\/publicacoes.estadao.com.br\/guia-da-faculdade\/alesp-aprova-projeto-que-proibe-celular-nas-escolas-de-sp-principais-perguntas-e-respostas\/\">Continued<\/a><\/p>\n","protected":false},"author":1,"featured_media":251570,"comment_status":"open","ping_status":"open","sticky":false,"template":"","format":"standard","meta":{"_acf_changed":false,"footnotes":""},"categories":[1],"tags":[],"class_list":["post-251469","post","type-post","status-publish","format-standard","has-post-thumbnail","hentry","category-sem-categoria"],"acf":[],"yoast_head":"<!-- This site is optimized with the Yoast SEO plugin v27.3 - https:\/\/yoast.com\/product\/yoast-seo-wordpress\/ -->\n<title>Alesp aprova projeto que pro\u00edbe celular nas escolas de SP: principais perguntas e respostas - Guia da Faculdade 2025<\/title>\n<meta name=\"robots\" content=\"index, follow, max-snippet:-1, max-image-preview:large, max-video-preview:-1\" \/>\n<link rel=\"canonical\" href=\"https:\/\/publicacoes.estadao.com.br\/guia-da-faculdade\/alesp-aprova-projeto-que-proibe-celular-nas-escolas-de-sp-principais-perguntas-e-respostas\/\" \/>\n<meta property=\"og:locale\" content=\"pt_BR\" \/>\n<meta property=\"og:type\" content=\"article\" \/>\n<meta property=\"og:title\" content=\"Alesp aprova projeto que pro\u00edbe celular nas escolas de SP: principais perguntas e respostas - Guia da Faculdade 2025\" \/>\n<meta property=\"og:description\" content=\"O projeto de lei aprovado pelos deputados da Assembleia Legislativa de S\u00e3o Paulo nesta ter\u00e7a-feira, 12, pro\u00edbe os celulares nas escolas p\u00fablicas e privadas paulistas em toda a educa\u00e7\u00e3o b\u00e1sica, para todas as idades. O Estado \u00e9 o primeiro no Pa\u00eds a ter uma legisla\u00e7\u00e3o atual nesse sentido. \u201cFica proibida a utiliza\u00e7\u00e3o de celulares e &hellip; Continued\" \/>\n<meta property=\"og:url\" content=\"https:\/\/publicacoes.estadao.com.br\/guia-da-faculdade\/alesp-aprova-projeto-que-proibe-celular-nas-escolas-de-sp-principais-perguntas-e-respostas\/\" \/>\n<meta property=\"og:site_name\" content=\"Guia da Faculdade 2025\" \/>\n<meta property=\"article:published_time\" content=\"2024-11-18T20:47:59+00:00\" \/>\n<meta property=\"og:image\" content=\"https:\/\/publicacoes.estadao.com.br\/guia-da-faculdade\/wp-content\/uploads\/2024\/11\/image1-6.jpg\" \/>\n\t<meta property=\"og:image:width\" content=\"1200\" \/>\n\t<meta property=\"og:image:height\" content=\"732\" \/>\n\t<meta property=\"og:image:type\" content=\"image\/jpeg\" \/>\n<meta name=\"author\" content=\"geosfera\" \/>\n<meta name=\"twitter:card\" content=\"summary_large_image\" \/>\n<meta name=\"twitter:label1\" content=\"Escrito por\" \/>\n\t<meta name=\"twitter:data1\" content=\"geosfera\" \/>\n\t<meta name=\"twitter:label2\" content=\"Est. tempo de leitura\" \/>\n\t<meta name=\"twitter:data2\" content=\"1 minuto\" \/>\n<script type=\"application\/ld+json\" class=\"yoast-schema-graph\">{\"@context\":\"https:\\\/\\\/schema.org\",\"@graph\":[{\"@type\":\"Article\",\"@id\":\"https:\\\/\\\/publicacoes.estadao.com.br\\\/guia-da-faculdade\\\/alesp-aprova-projeto-que-proibe-celular-nas-escolas-de-sp-principais-perguntas-e-respostas\\\/#article\",\"isPartOf\":{\"@id\":\"https:\\\/\\\/publicacoes.estadao.com.br\\\/guia-da-faculdade\\\/alesp-aprova-projeto-que-proibe-celular-nas-escolas-de-sp-principais-perguntas-e-respostas\\\/\"},\"author\":{\"name\":\"geosfera\",\"@id\":\"https:\\\/\\\/publicacoes.estadao.com.br\\\/guia-da-faculdade\\\/#\\\/schema\\\/person\\\/fcb8886c03a6058d3bdf92324b596d26\"},\"headline\":\"Alesp aprova projeto que pro\u00edbe celular nas escolas de SP: principais perguntas e respostas\",\"datePublished\":\"2024-11-18T20:47:59+00:00\",\"mainEntityOfPage\":{\"@id\":\"https:\\\/\\\/publicacoes.estadao.com.br\\\/guia-da-faculdade\\\/alesp-aprova-projeto-que-proibe-celular-nas-escolas-de-sp-principais-perguntas-e-respostas\\\/\"},\"wordCount\":455,\"commentCount\":0,\"image\":{\"@id\":\"https:\\\/\\\/publicacoes.estadao.com.br\\\/guia-da-faculdade\\\/alesp-aprova-projeto-que-proibe-celular-nas-escolas-de-sp-principais-perguntas-e-respostas\\\/#primaryimage\"},\"thumbnailUrl\":\"https:\\\/\\\/publicacoes.estadao.com.br\\\/guia-da-faculdade\\\/wp-content\\\/uploads\\\/2024\\\/11\\\/image1-6.jpg\",\"inLanguage\":\"pt-BR\",\"potentialAction\":[{\"@type\":\"CommentAction\",\"name\":\"Comment\",\"target\":[\"https:\\\/\\\/publicacoes.estadao.com.br\\\/guia-da-faculdade\\\/alesp-aprova-projeto-que-proibe-celular-nas-escolas-de-sp-principais-perguntas-e-respostas\\\/#respond\"]}]},{\"@type\":\"WebPage\",\"@id\":\"https:\\\/\\\/publicacoes.estadao.com.br\\\/guia-da-faculdade\\\/alesp-aprova-projeto-que-proibe-celular-nas-escolas-de-sp-principais-perguntas-e-respostas\\\/\",\"url\":\"https:\\\/\\\/publicacoes.estadao.com.br\\\/guia-da-faculdade\\\/alesp-aprova-projeto-que-proibe-celular-nas-escolas-de-sp-principais-perguntas-e-respostas\\\/\",\"name\":\"Alesp aprova projeto que pro\u00edbe celular nas escolas de SP: principais perguntas e respostas - Guia da Faculdade 2025\",\"isPartOf\":{\"@id\":\"https:\\\/\\\/publicacoes.estadao.com.br\\\/guia-da-faculdade\\\/#website\"},\"primaryImageOfPage\":{\"@id\":\"https:\\\/\\\/publicacoes.estadao.com.br\\\/guia-da-faculdade\\\/alesp-aprova-projeto-que-proibe-celular-nas-escolas-de-sp-principais-perguntas-e-respostas\\\/#primaryimage\"},\"image\":{\"@id\":\"https:\\\/\\\/publicacoes.estadao.com.br\\\/guia-da-faculdade\\\/alesp-aprova-projeto-que-proibe-celular-nas-escolas-de-sp-principais-perguntas-e-respostas\\\/#primaryimage\"},\"thumbnailUrl\":\"https:\\\/\\\/publicacoes.estadao.com.br\\\/guia-da-faculdade\\\/wp-content\\\/uploads\\\/2024\\\/11\\\/image1-6.jpg\",\"datePublished\":\"2024-11-18T20:47:59+00:00\",\"author\":{\"@id\":\"https:\\\/\\\/publicacoes.estadao.com.br\\\/guia-da-faculdade\\\/#\\\/schema\\\/person\\\/fcb8886c03a6058d3bdf92324b596d26\"},\"breadcrumb\":{\"@id\":\"https:\\\/\\\/publicacoes.estadao.com.br\\\/guia-da-faculdade\\\/alesp-aprova-projeto-que-proibe-celular-nas-escolas-de-sp-principais-perguntas-e-respostas\\\/#breadcrumb\"},\"inLanguage\":\"pt-BR\",\"potentialAction\":[{\"@type\":\"ReadAction\",\"target\":[\"https:\\\/\\\/publicacoes.estadao.com.br\\\/guia-da-faculdade\\\/alesp-aprova-projeto-que-proibe-celular-nas-escolas-de-sp-principais-perguntas-e-respostas\\\/\"]}]},{\"@type\":\"ImageObject\",\"inLanguage\":\"pt-BR\",\"@id\":\"https:\\\/\\\/publicacoes.estadao.com.br\\\/guia-da-faculdade\\\/alesp-aprova-projeto-que-proibe-celular-nas-escolas-de-sp-principais-perguntas-e-respostas\\\/#primaryimage\",\"url\":\"https:\\\/\\\/publicacoes.estadao.com.br\\\/guia-da-faculdade\\\/wp-content\\\/uploads\\\/2024\\\/11\\\/image1-6.jpg\",\"contentUrl\":\"https:\\\/\\\/publicacoes.estadao.com.br\\\/guia-da-faculdade\\\/wp-content\\\/uploads\\\/2024\\\/11\\\/image1-6.jpg\",\"width\":1200,\"height\":732},{\"@type\":\"BreadcrumbList\",\"@id\":\"https:\\\/\\\/publicacoes.estadao.com.br\\\/guia-da-faculdade\\\/alesp-aprova-projeto-que-proibe-celular-nas-escolas-de-sp-principais-perguntas-e-respostas\\\/#breadcrumb\",\"itemListElement\":[{\"@type\":\"ListItem\",\"position\":1,\"name\":\"In\u00edcio\",\"item\":\"https:\\\/\\\/publicacoes.estadao.com.br\\\/guia-da-faculdade\\\/\"},{\"@type\":\"ListItem\",\"position\":2,\"name\":\"Alesp aprova projeto que pro\u00edbe celular nas escolas de SP: principais perguntas e respostas\"}]},{\"@type\":\"WebSite\",\"@id\":\"https:\\\/\\\/publicacoes.estadao.com.br\\\/guia-da-faculdade\\\/#website\",\"url\":\"https:\\\/\\\/publicacoes.estadao.com.br\\\/guia-da-faculdade\\\/\",\"name\":\"Guia da Faculdade 2025\",\"description\":\"\",\"potentialAction\":[{\"@type\":\"SearchAction\",\"target\":{\"@type\":\"EntryPoint\",\"urlTemplate\":\"https:\\\/\\\/publicacoes.estadao.com.br\\\/guia-da-faculdade\\\/?s={search_term_string}\"},\"query-input\":{\"@type\":\"PropertyValueSpecification\",\"valueRequired\":true,\"valueName\":\"search_term_string\"}}],\"inLanguage\":\"pt-BR\"},{\"@type\":\"Person\",\"@id\":\"https:\\\/\\\/publicacoes.estadao.com.br\\\/guia-da-faculdade\\\/#\\\/schema\\\/person\\\/fcb8886c03a6058d3bdf92324b596d26\",\"name\":\"geosfera\",\"image\":{\"@type\":\"ImageObject\",\"inLanguage\":\"pt-BR\",\"@id\":\"https:\\\/\\\/secure.gravatar.com\\\/avatar\\\/9d33d40efdce4963188a84bd4777a5f81f7c8e9cfcc15e6853c05f5cfee4c0ab?s=96&d=mm&r=g\",\"url\":\"https:\\\/\\\/secure.gravatar.com\\\/avatar\\\/9d33d40efdce4963188a84bd4777a5f81f7c8e9cfcc15e6853c05f5cfee4c0ab?s=96&d=mm&r=g\",\"contentUrl\":\"https:\\\/\\\/secure.gravatar.com\\\/avatar\\\/9d33d40efdce4963188a84bd4777a5f81f7c8e9cfcc15e6853c05f5cfee4c0ab?s=96&d=mm&r=g\",\"caption\":\"geosfera\"},\"sameAs\":[\"http:\\\/\\\/webapp407822.ip-194-195-223-103.cloudezapp.io\\\/\"],\"url\":\"https:\\\/\\\/publicacoes.estadao.com.br\\\/guia-da-faculdade\\\/author\\\/geosfera\\\/\"}]}<\/script>\n<!-- \/ Yoast SEO plugin. -->","yoast_head_json":{"title":"Alesp aprova projeto que pro\u00edbe celular nas escolas de SP: principais perguntas e respostas - Guia da Faculdade 2025","robots":{"index":"index","follow":"follow","max-snippet":"max-snippet:-1","max-image-preview":"max-image-preview:large","max-video-preview":"max-video-preview:-1"},"canonical":"https:\/\/publicacoes.estadao.com.br\/guia-da-faculdade\/alesp-aprova-projeto-que-proibe-celular-nas-escolas-de-sp-principais-perguntas-e-respostas\/","og_locale":"pt_BR","og_type":"article","og_title":"Alesp aprova projeto que pro\u00edbe celular nas escolas de SP: principais perguntas e respostas - Guia da Faculdade 2025","og_description":"O projeto de lei aprovado pelos deputados da Assembleia Legislativa de S\u00e3o Paulo nesta ter\u00e7a-feira, 12, pro\u00edbe os celulares nas escolas p\u00fablicas e privadas paulistas em toda a educa\u00e7\u00e3o b\u00e1sica, para todas as idades. O Estado \u00e9 o primeiro no Pa\u00eds a ter uma legisla\u00e7\u00e3o atual nesse sentido. \u201cFica proibida a utiliza\u00e7\u00e3o de celulares e &hellip; Continued","og_url":"https:\/\/publicacoes.estadao.com.br\/guia-da-faculdade\/alesp-aprova-projeto-que-proibe-celular-nas-escolas-de-sp-principais-perguntas-e-respostas\/","og_site_name":"Guia da Faculdade 2025","article_published_time":"2024-11-18T20:47:59+00:00","og_image":[{"width":1200,"height":732,"url":"https:\/\/publicacoes.estadao.com.br\/guia-da-faculdade\/wp-content\/uploads\/2024\/11\/image1-6.jpg","type":"image\/jpeg"}],"author":"geosfera","twitter_card":"summary_large_image","twitter_misc":{"Escrito por":"geosfera","Est. tempo de leitura":"1 minuto"},"schema":{"@context":"https:\/\/schema.org","@graph":[{"@type":"Article","@id":"https:\/\/publicacoes.estadao.com.br\/guia-da-faculdade\/alesp-aprova-projeto-que-proibe-celular-nas-escolas-de-sp-principais-perguntas-e-respostas\/#article","isPartOf":{"@id":"https:\/\/publicacoes.estadao.com.br\/guia-da-faculdade\/alesp-aprova-projeto-que-proibe-celular-nas-escolas-de-sp-principais-perguntas-e-respostas\/"},"author":{"name":"geosfera","@id":"https:\/\/publicacoes.estadao.com.br\/guia-da-faculdade\/#\/schema\/person\/fcb8886c03a6058d3bdf92324b596d26"},"headline":"Alesp aprova projeto que pro\u00edbe celular nas escolas de SP: principais perguntas e respostas","datePublished":"2024-11-18T20:47:59+00:00","mainEntityOfPage":{"@id":"https:\/\/publicacoes.estadao.com.br\/guia-da-faculdade\/alesp-aprova-projeto-que-proibe-celular-nas-escolas-de-sp-principais-perguntas-e-respostas\/"},"wordCount":455,"commentCount":0,"image":{"@id":"https:\/\/publicacoes.estadao.com.br\/guia-da-faculdade\/alesp-aprova-projeto-que-proibe-celular-nas-escolas-de-sp-principais-perguntas-e-respostas\/#primaryimage"},"thumbnailUrl":"https:\/\/publicacoes.estadao.com.br\/guia-da-faculdade\/wp-content\/uploads\/2024\/11\/image1-6.jpg","inLanguage":"pt-BR","potentialAction":[{"@type":"CommentAction","name":"Comment","target":["https:\/\/publicacoes.estadao.com.br\/guia-da-faculdade\/alesp-aprova-projeto-que-proibe-celular-nas-escolas-de-sp-principais-perguntas-e-respostas\/#respond"]}]},{"@type":"WebPage","@id":"https:\/\/publicacoes.estadao.com.br\/guia-da-faculdade\/alesp-aprova-projeto-que-proibe-celular-nas-escolas-de-sp-principais-perguntas-e-respostas\/","url":"https:\/\/publicacoes.estadao.com.br\/guia-da-faculdade\/alesp-aprova-projeto-que-proibe-celular-nas-escolas-de-sp-principais-perguntas-e-respostas\/","name":"Alesp aprova projeto que pro\u00edbe celular nas escolas de SP: principais perguntas e respostas - Guia da Faculdade 2025","isPartOf":{"@id":"https:\/\/publicacoes.estadao.com.br\/guia-da-faculdade\/#website"},"primaryImageOfPage":{"@id":"https:\/\/publicacoes.estadao.com.br\/guia-da-faculdade\/alesp-aprova-projeto-que-proibe-celular-nas-escolas-de-sp-principais-perguntas-e-respostas\/#primaryimage"},"image":{"@id":"https:\/\/publicacoes.estadao.com.br\/guia-da-faculdade\/alesp-aprova-projeto-que-proibe-celular-nas-escolas-de-sp-principais-perguntas-e-respostas\/#primaryimage"},"thumbnailUrl":"https:\/\/publicacoes.estadao.com.br\/guia-da-faculdade\/wp-content\/uploads\/2024\/11\/image1-6.jpg","datePublished":"2024-11-18T20:47:59+00:00","author":{"@id":"https:\/\/publicacoes.estadao.com.br\/guia-da-faculdade\/#\/schema\/person\/fcb8886c03a6058d3bdf92324b596d26"},"breadcrumb":{"@id":"https:\/\/publicacoes.estadao.com.br\/guia-da-faculdade\/alesp-aprova-projeto-que-proibe-celular-nas-escolas-de-sp-principais-perguntas-e-respostas\/#breadcrumb"},"inLanguage":"pt-BR","potentialAction":[{"@type":"ReadAction","target":["https:\/\/publicacoes.estadao.com.br\/guia-da-faculdade\/alesp-aprova-projeto-que-proibe-celular-nas-escolas-de-sp-principais-perguntas-e-respostas\/"]}]},{"@type":"ImageObject","inLanguage":"pt-BR","@id":"https:\/\/publicacoes.estadao.com.br\/guia-da-faculdade\/alesp-aprova-projeto-que-proibe-celular-nas-escolas-de-sp-principais-perguntas-e-respostas\/#primaryimage","url":"https:\/\/publicacoes.estadao.com.br\/guia-da-faculdade\/wp-content\/uploads\/2024\/11\/image1-6.jpg","contentUrl":"https:\/\/publicacoes.estadao.com.br\/guia-da-faculdade\/wp-content\/uploads\/2024\/11\/image1-6.jpg","width":1200,"height":732},{"@type":"BreadcrumbList","@id":"https:\/\/publicacoes.estadao.com.br\/guia-da-faculdade\/alesp-aprova-projeto-que-proibe-celular-nas-escolas-de-sp-principais-perguntas-e-respostas\/#breadcrumb","itemListElement":[{"@type":"ListItem","position":1,"name":"In\u00edcio","item":"https:\/\/publicacoes.estadao.com.br\/guia-da-faculdade\/"},{"@type":"ListItem","position":2,"name":"Alesp aprova projeto que pro\u00edbe celular nas escolas de SP: principais perguntas e respostas"}]},{"@type":"WebSite","@id":"https:\/\/publicacoes.estadao.com.br\/guia-da-faculdade\/#website","url":"https:\/\/publicacoes.estadao.com.br\/guia-da-faculdade\/","name":"Guia da Faculdade 2025","description":"","potentialAction":[{"@type":"SearchAction","target":{"@type":"EntryPoint","urlTemplate":"https:\/\/publicacoes.estadao.com.br\/guia-da-faculdade\/?s={search_term_string}"},"query-input":{"@type":"PropertyValueSpecification","valueRequired":true,"valueName":"search_term_string"}}],"inLanguage":"pt-BR"},{"@type":"Person","@id":"https:\/\/publicacoes.estadao.com.br\/guia-da-faculdade\/#\/schema\/person\/fcb8886c03a6058d3bdf92324b596d26","name":"geosfera","image":{"@type":"ImageObject","inLanguage":"pt-BR","@id":"https:\/\/secure.gravatar.com\/avatar\/9d33d40efdce4963188a84bd4777a5f81f7c8e9cfcc15e6853c05f5cfee4c0ab?s=96&d=mm&r=g","url":"https:\/\/secure.gravatar.com\/avatar\/9d33d40efdce4963188a84bd4777a5f81f7c8e9cfcc15e6853c05f5cfee4c0ab?s=96&d=mm&r=g","contentUrl":"https:\/\/secure.gravatar.com\/avatar\/9d33d40efdce4963188a84bd4777a5f81f7c8e9cfcc15e6853c05f5cfee4c0ab?s=96&d=mm&r=g","caption":"geosfera"},"sameAs":["http:\/\/webapp407822.ip-194-195-223-103.cloudezapp.io\/"],"url":"https:\/\/publicacoes.estadao.com.br\/guia-da-faculdade\/author\/geosfera\/"}]}},"_links":{"self":[{"href":"https:\/\/publicacoes.estadao.com.br\/guia-da-faculdade\/wp-json\/wp\/v2\/posts\/251469","targetHints":{"allow":["GET"]}}],"collection":[{"href":"https:\/\/publicacoes.estadao.com.br\/guia-da-faculdade\/wp-json\/wp\/v2\/posts"}],"about":[{"href":"https:\/\/publicacoes.estadao.com.br\/guia-da-faculdade\/wp-json\/wp\/v2\/types\/post"}],"author":[{"embeddable":true,"href":"https:\/\/publicacoes.estadao.com.br\/guia-da-faculdade\/wp-json\/wp\/v2\/users\/1"}],"replies":[{"embeddable":true,"href":"https:\/\/publicacoes.estadao.com.br\/guia-da-faculdade\/wp-json\/wp\/v2\/comments?post=251469"}],"version-history":[{"count":0,"href":"https:\/\/publicacoes.estadao.com.br\/guia-da-faculdade\/wp-json\/wp\/v2\/posts\/251469\/revisions"}],"wp:featuredmedia":[{"embeddable":true,"href":"https:\/\/publicacoes.estadao.com.br\/guia-da-faculdade\/wp-json\/wp\/v2\/media\/251570"}],"wp:attachment":[{"href":"https:\/\/publicacoes.estadao.com.br\/guia-da-faculdade\/wp-json\/wp\/v2\/media?parent=251469"}],"wp:term":[{"taxonomy":"category","embeddable":true,"href":"https:\/\/publicacoes.estadao.com.br\/guia-da-faculdade\/wp-json\/wp\/v2\/categories?post=251469"},{"taxonomy":"post_tag","embeddable":true,"href":"https:\/\/publicacoes.estadao.com.br\/guia-da-faculdade\/wp-json\/wp\/v2\/tags?post=251469"}],"curies":[{"name":"wp","href":"https:\/\/api.w.org\/{rel}","templated":true}]}}