{"id":214271,"date":"2023-09-04T16:43:42","date_gmt":"2023-09-04T19:43:42","guid":{"rendered":"https:\/\/publicacoes.estadao.com.br\/guia-da-faculdade-2022\/?p=212701"},"modified":"2023-09-04T16:43:42","modified_gmt":"2023-09-04T19:43:42","slug":"curso-de-focas-do-estadao-inscricoes-abertas-para-a-13a-turma-de-jornalismo-economico","status":"publish","type":"post","link":"https:\/\/publicacoes.estadao.com.br\/guia-da-faculdade\/curso-de-focas-do-estadao-inscricoes-abertas-para-a-13a-turma-de-jornalismo-economico\/","title":{"rendered":"Curso de Focas do \u2018Estad\u00e3o\u2019: inscri\u00e7\u00f5es abertas para a 13\u00aa turma de Jornalismo Econ\u00f4mico"},"content":{"rendered":"<p>Est\u00e3o abertas as inscri\u00e7\u00f5es para o 13\u00ba Curso de Jornalismo Econ\u00f4mico, realizado pelo Estad\u00e3o e pela Ag\u00eancia Estado\/Broadcast em parceria com a Escola de Economia da Funda\u00e7\u00e3o Getulio Vargas (FGV\/EESP). Podem participar do programa de treinamento alunos do \u00faltimo semestre de jornalismo de universidades de todo o Pa\u00eds, al\u00e9m de profissionais rec\u00e9m-formados. As inscri\u00e7\u00f5es est\u00e3o abertas at\u00e9 10 de agosto e o curso tem dura\u00e7\u00e3o de tr\u00eas meses, de 11 de setembro a 08 de dezembro de 2023.<\/p>\n<p>O processo de sele\u00e7\u00e3o \u00e9 realizado de forma virtual, em duas fases. A primeira etapa ocorre no mesmo momento da sele\u00e7\u00e3o, por meio de um formul\u00e1rio.<\/p>\n<p>J\u00e1 as atividades t\u00eam formato h\u00edbrido, com as primeiras quatro semanas a dist\u00e2ncia e o restante da programa\u00e7\u00e3o presencial, na sede do Estad\u00e3o, em S\u00e3o Paulo. O curso \u00e9 gratuito, ocorre em per\u00edodo integral e fornece ajuda de custo para os aprovados.<\/p>\n<p>Pela manh\u00e3, os 25 participantes &#8211; os Focas, como s\u00e3o carinhosamente conhecidos os iniciantes na profiss\u00e3o, &#8211; t\u00eam contato com jornalistas do Grupo Estado, cumprem o curr\u00edculo de economia dado por professores da FGV, fazem aulas te\u00f3ricas complementares (como Jornalismo de Dados, Pol\u00edtica, Portugu\u00eas e Inova\u00e7\u00e3o em Jornalismo), assistem a palestras especializadas e realizam entrevistas coletivas com executivos e representantes da pol\u00edtica nacional.<\/p>\n<p>\u00c0 tarde, os jovens jornalistas atuam nas reda\u00e7\u00f5es do Grupo Estado. Em sistema de rod\u00edzio, os Focas conhecem melhor o trabalho na reda\u00e7\u00e3o da\u00a0Ag\u00eancia Estado\/Broadcast, do <strong>Estad\u00e3o<\/strong> e da\u00a0R\u00e1dio Eldorado. Durante o curso, os Focas tamb\u00e9m produzem dois projetos jornal\u00edsticos. No ano passado, os alunos da 12\u00aa turma publicaram especiais sobre\u00a0fintechs que operam com criptoativos\u00a0e ainda sobre o\u00a0processo de tokeniza\u00e7\u00e3o\u00a0na economia.<\/p>\n<p>Podem participar universit\u00e1rios cursando o \u00faltimo semestre de jornalismo ou os graduados em 2020, 2021, 2022 e 2023\/1. O curso conta com o patroc\u00ednio da JBS e do Mercado Pago.<\/p>\n<p><strong>Sele\u00e7\u00e3o<\/strong><br \/>\nO primeiro passo \u00e9 preencher um formul\u00e1rio online com seus dados pessoais, curr\u00edculo e justificativa de interesse no curso. Reserve algum tempo para pensar numa pauta bacana, tanto em texto quanto em v\u00eddeo. Os aprovados para a segunda fase participam de uma din\u00e2mica de grupo ao fim da qual precisam escrever uma reportagem. At\u00e9 75 candidatos ser\u00e3o chamados nessa segunda etapa, prevista para ocorrer entre 21 e 24 de agosto. A lista final com os aprovados sai em 29 de agosto.<\/p>\n<p>Para saber mais sobre o programa,\u00a0acesse a p\u00e1gina do curso\u00a0no site do Estad\u00e3o ou acompanhe o perfil do\u00a0Focas no Instagram\u00a0e a p\u00e1gina do Focas no Facebook (CursosEstadoDeJornalismo).<\/p>\n<p><a href=\"https:\/\/www.estadao.com.br\/educacao\/curso-de-focas-do-estadao-inscricoes-abertas-para-a-13-turma-de-jornalismo-economico\/ \">Curso de Focas do \u2018Estad\u00e3o\u2019: inscri\u00e7\u00f5es abertas para a 13\u00aa turma de Jornalismo Econ\u00f4mico<\/a><\/p>\n<p><strong>Foto: Felipe Rau<\/strong><\/p>\n","protected":false},"excerpt":{"rendered":"<p>Est\u00e3o abertas as inscri\u00e7\u00f5es para o 13\u00ba Curso de Jornalismo Econ\u00f4mico, realizado pelo Estad\u00e3o e pela Ag\u00eancia Estado\/Broadcast em parceria com a Escola de Economia da Funda\u00e7\u00e3o Getulio Vargas (FGV\/EESP). Podem participar do programa de treinamento alunos do \u00faltimo semestre de jornalismo de universidades de todo o Pa\u00eds, al\u00e9m de profissionais rec\u00e9m-formados. As inscri\u00e7\u00f5es est\u00e3o &hellip; <a href=\"https:\/\/publicacoes.estadao.com.br\/guia-da-faculdade\/curso-de-focas-do-estadao-inscricoes-abertas-para-a-13a-turma-de-jornalismo-economico\/\">Continued<\/a><\/p>\n","protected":false},"author":1,"featured_media":214316,"comment_status":"open","ping_status":"closed","sticky":false,"template":"","format":"standard","meta":{"_acf_changed":false,"footnotes":""},"categories":[1],"tags":[],"class_list":["post-214271","post","type-post","status-publish","format-standard","has-post-thumbnail","hentry","category-sem-categoria"],"acf":[],"yoast_head":"<!-- This site is optimized with the Yoast SEO plugin v27.3 - https:\/\/yoast.com\/product\/yoast-seo-wordpress\/ -->\n<title>Curso de Focas do \u2018Estad\u00e3o\u2019: inscri\u00e7\u00f5es abertas para a 13\u00aa turma de Jornalismo Econ\u00f4mico - Guia da Faculdade 2025<\/title>\n<meta name=\"robots\" content=\"index, follow, max-snippet:-1, max-image-preview:large, max-video-preview:-1\" \/>\n<link rel=\"canonical\" href=\"https:\/\/publicacoes.estadao.com.br\/guia-da-faculdade\/curso-de-focas-do-estadao-inscricoes-abertas-para-a-13a-turma-de-jornalismo-economico\/\" \/>\n<meta property=\"og:locale\" content=\"pt_BR\" \/>\n<meta property=\"og:type\" content=\"article\" \/>\n<meta property=\"og:title\" content=\"Curso de Focas do \u2018Estad\u00e3o\u2019: inscri\u00e7\u00f5es abertas para a 13\u00aa turma de Jornalismo Econ\u00f4mico - Guia da Faculdade 2025\" \/>\n<meta property=\"og:description\" content=\"Est\u00e3o abertas as inscri\u00e7\u00f5es para o 13\u00ba Curso de Jornalismo Econ\u00f4mico, realizado pelo Estad\u00e3o e pela Ag\u00eancia Estado\/Broadcast em parceria com a Escola de Economia da Funda\u00e7\u00e3o Getulio Vargas (FGV\/EESP). Podem participar do programa de treinamento alunos do \u00faltimo semestre de jornalismo de universidades de todo o Pa\u00eds, al\u00e9m de profissionais rec\u00e9m-formados. As inscri\u00e7\u00f5es est\u00e3o &hellip; Continued\" \/>\n<meta property=\"og:url\" content=\"https:\/\/publicacoes.estadao.com.br\/guia-da-faculdade\/curso-de-focas-do-estadao-inscricoes-abertas-para-a-13a-turma-de-jornalismo-economico\/\" \/>\n<meta property=\"og:site_name\" content=\"Guia da Faculdade 2025\" \/>\n<meta property=\"article:published_time\" content=\"2023-09-04T19:43:42+00:00\" \/>\n<meta property=\"og:image\" content=\"https:\/\/publicacoes.estadao.com.br\/guia-da-faculdade\/wp-content\/uploads\/2023\/09\/1.jpg\" \/>\n\t<meta property=\"og:image:width\" content=\"936\" \/>\n\t<meta property=\"og:image:height\" content=\"624\" \/>\n\t<meta property=\"og:image:type\" content=\"image\/jpeg\" \/>\n<meta name=\"author\" content=\"geosfera\" \/>\n<meta name=\"twitter:card\" content=\"summary_large_image\" \/>\n<meta name=\"twitter:label1\" content=\"Escrito por\" \/>\n\t<meta name=\"twitter:data1\" content=\"geosfera\" \/>\n\t<meta name=\"twitter:label2\" content=\"Est. tempo de leitura\" \/>\n\t<meta name=\"twitter:data2\" content=\"3 minutos\" \/>\n<script type=\"application\/ld+json\" class=\"yoast-schema-graph\">{\"@context\":\"https:\\\/\\\/schema.org\",\"@graph\":[{\"@type\":\"Article\",\"@id\":\"https:\\\/\\\/publicacoes.estadao.com.br\\\/guia-da-faculdade\\\/curso-de-focas-do-estadao-inscricoes-abertas-para-a-13a-turma-de-jornalismo-economico\\\/#article\",\"isPartOf\":{\"@id\":\"https:\\\/\\\/publicacoes.estadao.com.br\\\/guia-da-faculdade\\\/curso-de-focas-do-estadao-inscricoes-abertas-para-a-13a-turma-de-jornalismo-economico\\\/\"},\"author\":{\"name\":\"geosfera\",\"@id\":\"https:\\\/\\\/publicacoes.estadao.com.br\\\/guia-da-faculdade\\\/#\\\/schema\\\/person\\\/fcb8886c03a6058d3bdf92324b596d26\"},\"headline\":\"Curso de Focas do \u2018Estad\u00e3o\u2019: inscri\u00e7\u00f5es abertas para a 13\u00aa turma de Jornalismo Econ\u00f4mico\",\"datePublished\":\"2023-09-04T19:43:42+00:00\",\"mainEntityOfPage\":{\"@id\":\"https:\\\/\\\/publicacoes.estadao.com.br\\\/guia-da-faculdade\\\/curso-de-focas-do-estadao-inscricoes-abertas-para-a-13a-turma-de-jornalismo-economico\\\/\"},\"wordCount\":490,\"commentCount\":0,\"image\":{\"@id\":\"https:\\\/\\\/publicacoes.estadao.com.br\\\/guia-da-faculdade\\\/curso-de-focas-do-estadao-inscricoes-abertas-para-a-13a-turma-de-jornalismo-economico\\\/#primaryimage\"},\"thumbnailUrl\":\"https:\\\/\\\/publicacoes.estadao.com.br\\\/guia-da-faculdade\\\/wp-content\\\/uploads\\\/2023\\\/09\\\/1.jpg\",\"inLanguage\":\"pt-BR\",\"potentialAction\":[{\"@type\":\"CommentAction\",\"name\":\"Comment\",\"target\":[\"https:\\\/\\\/publicacoes.estadao.com.br\\\/guia-da-faculdade\\\/curso-de-focas-do-estadao-inscricoes-abertas-para-a-13a-turma-de-jornalismo-economico\\\/#respond\"]}]},{\"@type\":\"WebPage\",\"@id\":\"https:\\\/\\\/publicacoes.estadao.com.br\\\/guia-da-faculdade\\\/curso-de-focas-do-estadao-inscricoes-abertas-para-a-13a-turma-de-jornalismo-economico\\\/\",\"url\":\"https:\\\/\\\/publicacoes.estadao.com.br\\\/guia-da-faculdade\\\/curso-de-focas-do-estadao-inscricoes-abertas-para-a-13a-turma-de-jornalismo-economico\\\/\",\"name\":\"Curso de Focas do \u2018Estad\u00e3o\u2019: inscri\u00e7\u00f5es abertas para a 13\u00aa turma de Jornalismo Econ\u00f4mico - Guia da Faculdade 2025\",\"isPartOf\":{\"@id\":\"https:\\\/\\\/publicacoes.estadao.com.br\\\/guia-da-faculdade\\\/#website\"},\"primaryImageOfPage\":{\"@id\":\"https:\\\/\\\/publicacoes.estadao.com.br\\\/guia-da-faculdade\\\/curso-de-focas-do-estadao-inscricoes-abertas-para-a-13a-turma-de-jornalismo-economico\\\/#primaryimage\"},\"image\":{\"@id\":\"https:\\\/\\\/publicacoes.estadao.com.br\\\/guia-da-faculdade\\\/curso-de-focas-do-estadao-inscricoes-abertas-para-a-13a-turma-de-jornalismo-economico\\\/#primaryimage\"},\"thumbnailUrl\":\"https:\\\/\\\/publicacoes.estadao.com.br\\\/guia-da-faculdade\\\/wp-content\\\/uploads\\\/2023\\\/09\\\/1.jpg\",\"datePublished\":\"2023-09-04T19:43:42+00:00\",\"author\":{\"@id\":\"https:\\\/\\\/publicacoes.estadao.com.br\\\/guia-da-faculdade\\\/#\\\/schema\\\/person\\\/fcb8886c03a6058d3bdf92324b596d26\"},\"breadcrumb\":{\"@id\":\"https:\\\/\\\/publicacoes.estadao.com.br\\\/guia-da-faculdade\\\/curso-de-focas-do-estadao-inscricoes-abertas-para-a-13a-turma-de-jornalismo-economico\\\/#breadcrumb\"},\"inLanguage\":\"pt-BR\",\"potentialAction\":[{\"@type\":\"ReadAction\",\"target\":[\"https:\\\/\\\/publicacoes.estadao.com.br\\\/guia-da-faculdade\\\/curso-de-focas-do-estadao-inscricoes-abertas-para-a-13a-turma-de-jornalismo-economico\\\/\"]}]},{\"@type\":\"ImageObject\",\"inLanguage\":\"pt-BR\",\"@id\":\"https:\\\/\\\/publicacoes.estadao.com.br\\\/guia-da-faculdade\\\/curso-de-focas-do-estadao-inscricoes-abertas-para-a-13a-turma-de-jornalismo-economico\\\/#primaryimage\",\"url\":\"https:\\\/\\\/publicacoes.estadao.com.br\\\/guia-da-faculdade\\\/wp-content\\\/uploads\\\/2023\\\/09\\\/1.jpg\",\"contentUrl\":\"https:\\\/\\\/publicacoes.estadao.com.br\\\/guia-da-faculdade\\\/wp-content\\\/uploads\\\/2023\\\/09\\\/1.jpg\",\"width\":936,\"height\":624},{\"@type\":\"BreadcrumbList\",\"@id\":\"https:\\\/\\\/publicacoes.estadao.com.br\\\/guia-da-faculdade\\\/curso-de-focas-do-estadao-inscricoes-abertas-para-a-13a-turma-de-jornalismo-economico\\\/#breadcrumb\",\"itemListElement\":[{\"@type\":\"ListItem\",\"position\":1,\"name\":\"In\u00edcio\",\"item\":\"https:\\\/\\\/publicacoes.estadao.com.br\\\/guia-da-faculdade\\\/\"},{\"@type\":\"ListItem\",\"position\":2,\"name\":\"Curso de Focas do \u2018Estad\u00e3o\u2019: inscri\u00e7\u00f5es abertas para a 13\u00aa turma de Jornalismo Econ\u00f4mico\"}]},{\"@type\":\"WebSite\",\"@id\":\"https:\\\/\\\/publicacoes.estadao.com.br\\\/guia-da-faculdade\\\/#website\",\"url\":\"https:\\\/\\\/publicacoes.estadao.com.br\\\/guia-da-faculdade\\\/\",\"name\":\"Guia da Faculdade 2025\",\"description\":\"\",\"potentialAction\":[{\"@type\":\"SearchAction\",\"target\":{\"@type\":\"EntryPoint\",\"urlTemplate\":\"https:\\\/\\\/publicacoes.estadao.com.br\\\/guia-da-faculdade\\\/?s={search_term_string}\"},\"query-input\":{\"@type\":\"PropertyValueSpecification\",\"valueRequired\":true,\"valueName\":\"search_term_string\"}}],\"inLanguage\":\"pt-BR\"},{\"@type\":\"Person\",\"@id\":\"https:\\\/\\\/publicacoes.estadao.com.br\\\/guia-da-faculdade\\\/#\\\/schema\\\/person\\\/fcb8886c03a6058d3bdf92324b596d26\",\"name\":\"geosfera\",\"image\":{\"@type\":\"ImageObject\",\"inLanguage\":\"pt-BR\",\"@id\":\"https:\\\/\\\/secure.gravatar.com\\\/avatar\\\/9d33d40efdce4963188a84bd4777a5f81f7c8e9cfcc15e6853c05f5cfee4c0ab?s=96&d=mm&r=g\",\"url\":\"https:\\\/\\\/secure.gravatar.com\\\/avatar\\\/9d33d40efdce4963188a84bd4777a5f81f7c8e9cfcc15e6853c05f5cfee4c0ab?s=96&d=mm&r=g\",\"contentUrl\":\"https:\\\/\\\/secure.gravatar.com\\\/avatar\\\/9d33d40efdce4963188a84bd4777a5f81f7c8e9cfcc15e6853c05f5cfee4c0ab?s=96&d=mm&r=g\",\"caption\":\"geosfera\"},\"sameAs\":[\"http:\\\/\\\/webapp407822.ip-194-195-223-103.cloudezapp.io\\\/\"],\"url\":\"https:\\\/\\\/publicacoes.estadao.com.br\\\/guia-da-faculdade\\\/author\\\/geosfera\\\/\"}]}<\/script>\n<!-- \/ Yoast SEO plugin. -->","yoast_head_json":{"title":"Curso de Focas do \u2018Estad\u00e3o\u2019: inscri\u00e7\u00f5es abertas para a 13\u00aa turma de Jornalismo Econ\u00f4mico - Guia da Faculdade 2025","robots":{"index":"index","follow":"follow","max-snippet":"max-snippet:-1","max-image-preview":"max-image-preview:large","max-video-preview":"max-video-preview:-1"},"canonical":"https:\/\/publicacoes.estadao.com.br\/guia-da-faculdade\/curso-de-focas-do-estadao-inscricoes-abertas-para-a-13a-turma-de-jornalismo-economico\/","og_locale":"pt_BR","og_type":"article","og_title":"Curso de Focas do \u2018Estad\u00e3o\u2019: inscri\u00e7\u00f5es abertas para a 13\u00aa turma de Jornalismo Econ\u00f4mico - Guia da Faculdade 2025","og_description":"Est\u00e3o abertas as inscri\u00e7\u00f5es para o 13\u00ba Curso de Jornalismo Econ\u00f4mico, realizado pelo Estad\u00e3o e pela Ag\u00eancia Estado\/Broadcast em parceria com a Escola de Economia da Funda\u00e7\u00e3o Getulio Vargas (FGV\/EESP). Podem participar do programa de treinamento alunos do \u00faltimo semestre de jornalismo de universidades de todo o Pa\u00eds, al\u00e9m de profissionais rec\u00e9m-formados. As inscri\u00e7\u00f5es est\u00e3o &hellip; Continued","og_url":"https:\/\/publicacoes.estadao.com.br\/guia-da-faculdade\/curso-de-focas-do-estadao-inscricoes-abertas-para-a-13a-turma-de-jornalismo-economico\/","og_site_name":"Guia da Faculdade 2025","article_published_time":"2023-09-04T19:43:42+00:00","og_image":[{"width":936,"height":624,"url":"https:\/\/publicacoes.estadao.com.br\/guia-da-faculdade\/wp-content\/uploads\/2023\/09\/1.jpg","type":"image\/jpeg"}],"author":"geosfera","twitter_card":"summary_large_image","twitter_misc":{"Escrito por":"geosfera","Est. tempo de leitura":"3 minutos"},"schema":{"@context":"https:\/\/schema.org","@graph":[{"@type":"Article","@id":"https:\/\/publicacoes.estadao.com.br\/guia-da-faculdade\/curso-de-focas-do-estadao-inscricoes-abertas-para-a-13a-turma-de-jornalismo-economico\/#article","isPartOf":{"@id":"https:\/\/publicacoes.estadao.com.br\/guia-da-faculdade\/curso-de-focas-do-estadao-inscricoes-abertas-para-a-13a-turma-de-jornalismo-economico\/"},"author":{"name":"geosfera","@id":"https:\/\/publicacoes.estadao.com.br\/guia-da-faculdade\/#\/schema\/person\/fcb8886c03a6058d3bdf92324b596d26"},"headline":"Curso de Focas do \u2018Estad\u00e3o\u2019: inscri\u00e7\u00f5es abertas para a 13\u00aa turma de Jornalismo Econ\u00f4mico","datePublished":"2023-09-04T19:43:42+00:00","mainEntityOfPage":{"@id":"https:\/\/publicacoes.estadao.com.br\/guia-da-faculdade\/curso-de-focas-do-estadao-inscricoes-abertas-para-a-13a-turma-de-jornalismo-economico\/"},"wordCount":490,"commentCount":0,"image":{"@id":"https:\/\/publicacoes.estadao.com.br\/guia-da-faculdade\/curso-de-focas-do-estadao-inscricoes-abertas-para-a-13a-turma-de-jornalismo-economico\/#primaryimage"},"thumbnailUrl":"https:\/\/publicacoes.estadao.com.br\/guia-da-faculdade\/wp-content\/uploads\/2023\/09\/1.jpg","inLanguage":"pt-BR","potentialAction":[{"@type":"CommentAction","name":"Comment","target":["https:\/\/publicacoes.estadao.com.br\/guia-da-faculdade\/curso-de-focas-do-estadao-inscricoes-abertas-para-a-13a-turma-de-jornalismo-economico\/#respond"]}]},{"@type":"WebPage","@id":"https:\/\/publicacoes.estadao.com.br\/guia-da-faculdade\/curso-de-focas-do-estadao-inscricoes-abertas-para-a-13a-turma-de-jornalismo-economico\/","url":"https:\/\/publicacoes.estadao.com.br\/guia-da-faculdade\/curso-de-focas-do-estadao-inscricoes-abertas-para-a-13a-turma-de-jornalismo-economico\/","name":"Curso de Focas do \u2018Estad\u00e3o\u2019: inscri\u00e7\u00f5es abertas para a 13\u00aa turma de Jornalismo Econ\u00f4mico - Guia da Faculdade 2025","isPartOf":{"@id":"https:\/\/publicacoes.estadao.com.br\/guia-da-faculdade\/#website"},"primaryImageOfPage":{"@id":"https:\/\/publicacoes.estadao.com.br\/guia-da-faculdade\/curso-de-focas-do-estadao-inscricoes-abertas-para-a-13a-turma-de-jornalismo-economico\/#primaryimage"},"image":{"@id":"https:\/\/publicacoes.estadao.com.br\/guia-da-faculdade\/curso-de-focas-do-estadao-inscricoes-abertas-para-a-13a-turma-de-jornalismo-economico\/#primaryimage"},"thumbnailUrl":"https:\/\/publicacoes.estadao.com.br\/guia-da-faculdade\/wp-content\/uploads\/2023\/09\/1.jpg","datePublished":"2023-09-04T19:43:42+00:00","author":{"@id":"https:\/\/publicacoes.estadao.com.br\/guia-da-faculdade\/#\/schema\/person\/fcb8886c03a6058d3bdf92324b596d26"},"breadcrumb":{"@id":"https:\/\/publicacoes.estadao.com.br\/guia-da-faculdade\/curso-de-focas-do-estadao-inscricoes-abertas-para-a-13a-turma-de-jornalismo-economico\/#breadcrumb"},"inLanguage":"pt-BR","potentialAction":[{"@type":"ReadAction","target":["https:\/\/publicacoes.estadao.com.br\/guia-da-faculdade\/curso-de-focas-do-estadao-inscricoes-abertas-para-a-13a-turma-de-jornalismo-economico\/"]}]},{"@type":"ImageObject","inLanguage":"pt-BR","@id":"https:\/\/publicacoes.estadao.com.br\/guia-da-faculdade\/curso-de-focas-do-estadao-inscricoes-abertas-para-a-13a-turma-de-jornalismo-economico\/#primaryimage","url":"https:\/\/publicacoes.estadao.com.br\/guia-da-faculdade\/wp-content\/uploads\/2023\/09\/1.jpg","contentUrl":"https:\/\/publicacoes.estadao.com.br\/guia-da-faculdade\/wp-content\/uploads\/2023\/09\/1.jpg","width":936,"height":624},{"@type":"BreadcrumbList","@id":"https:\/\/publicacoes.estadao.com.br\/guia-da-faculdade\/curso-de-focas-do-estadao-inscricoes-abertas-para-a-13a-turma-de-jornalismo-economico\/#breadcrumb","itemListElement":[{"@type":"ListItem","position":1,"name":"In\u00edcio","item":"https:\/\/publicacoes.estadao.com.br\/guia-da-faculdade\/"},{"@type":"ListItem","position":2,"name":"Curso de Focas do \u2018Estad\u00e3o\u2019: inscri\u00e7\u00f5es abertas para a 13\u00aa turma de Jornalismo Econ\u00f4mico"}]},{"@type":"WebSite","@id":"https:\/\/publicacoes.estadao.com.br\/guia-da-faculdade\/#website","url":"https:\/\/publicacoes.estadao.com.br\/guia-da-faculdade\/","name":"Guia da Faculdade 2025","description":"","potentialAction":[{"@type":"SearchAction","target":{"@type":"EntryPoint","urlTemplate":"https:\/\/publicacoes.estadao.com.br\/guia-da-faculdade\/?s={search_term_string}"},"query-input":{"@type":"PropertyValueSpecification","valueRequired":true,"valueName":"search_term_string"}}],"inLanguage":"pt-BR"},{"@type":"Person","@id":"https:\/\/publicacoes.estadao.com.br\/guia-da-faculdade\/#\/schema\/person\/fcb8886c03a6058d3bdf92324b596d26","name":"geosfera","image":{"@type":"ImageObject","inLanguage":"pt-BR","@id":"https:\/\/secure.gravatar.com\/avatar\/9d33d40efdce4963188a84bd4777a5f81f7c8e9cfcc15e6853c05f5cfee4c0ab?s=96&d=mm&r=g","url":"https:\/\/secure.gravatar.com\/avatar\/9d33d40efdce4963188a84bd4777a5f81f7c8e9cfcc15e6853c05f5cfee4c0ab?s=96&d=mm&r=g","contentUrl":"https:\/\/secure.gravatar.com\/avatar\/9d33d40efdce4963188a84bd4777a5f81f7c8e9cfcc15e6853c05f5cfee4c0ab?s=96&d=mm&r=g","caption":"geosfera"},"sameAs":["http:\/\/webapp407822.ip-194-195-223-103.cloudezapp.io\/"],"url":"https:\/\/publicacoes.estadao.com.br\/guia-da-faculdade\/author\/geosfera\/"}]}},"_links":{"self":[{"href":"https:\/\/publicacoes.estadao.com.br\/guia-da-faculdade\/wp-json\/wp\/v2\/posts\/214271","targetHints":{"allow":["GET"]}}],"collection":[{"href":"https:\/\/publicacoes.estadao.com.br\/guia-da-faculdade\/wp-json\/wp\/v2\/posts"}],"about":[{"href":"https:\/\/publicacoes.estadao.com.br\/guia-da-faculdade\/wp-json\/wp\/v2\/types\/post"}],"author":[{"embeddable":true,"href":"https:\/\/publicacoes.estadao.com.br\/guia-da-faculdade\/wp-json\/wp\/v2\/users\/1"}],"replies":[{"embeddable":true,"href":"https:\/\/publicacoes.estadao.com.br\/guia-da-faculdade\/wp-json\/wp\/v2\/comments?post=214271"}],"version-history":[{"count":0,"href":"https:\/\/publicacoes.estadao.com.br\/guia-da-faculdade\/wp-json\/wp\/v2\/posts\/214271\/revisions"}],"wp:featuredmedia":[{"embeddable":true,"href":"https:\/\/publicacoes.estadao.com.br\/guia-da-faculdade\/wp-json\/wp\/v2\/media\/214316"}],"wp:attachment":[{"href":"https:\/\/publicacoes.estadao.com.br\/guia-da-faculdade\/wp-json\/wp\/v2\/media?parent=214271"}],"wp:term":[{"taxonomy":"category","embeddable":true,"href":"https:\/\/publicacoes.estadao.com.br\/guia-da-faculdade\/wp-json\/wp\/v2\/categories?post=214271"},{"taxonomy":"post_tag","embeddable":true,"href":"https:\/\/publicacoes.estadao.com.br\/guia-da-faculdade\/wp-json\/wp\/v2\/tags?post=214271"}],"curies":[{"name":"wp","href":"https:\/\/api.w.org\/{rel}","templated":true}]}}