{"id":214268,"date":"2023-08-28T16:26:30","date_gmt":"2023-08-28T19:26:30","guid":{"rendered":"https:\/\/publicacoes.estadao.com.br\/guia-da-faculdade-2022\/?p=212688"},"modified":"2023-08-28T16:26:30","modified_gmt":"2023-08-28T19:26:30","slug":"a-usp-no-caminho-da-economia-verde","status":"publish","type":"post","link":"https:\/\/publicacoes.estadao.com.br\/guia-da-faculdade\/a-usp-no-caminho-da-economia-verde\/","title":{"rendered":"A USP no caminho da economia verde"},"content":{"rendered":"<p>O aumento das emiss\u00f5es de gases de efeito estufa (GEEs) e o aquecimento global resultam em preocupante emerg\u00eancia clim\u00e1tica. Os cen\u00e1rios tr\u00e1gicos decorrentes do aumento da temperatura m\u00e9dia acima de 2\u00b0C em rela\u00e7\u00e3o \u00e0 era pr\u00e9-industrial s\u00e3o um chamado para a\u00e7\u00e3o imediata.<\/p>\n<p>\u00c9 imprescind\u00edvel transformar as matrizes energ\u00e9ticas dos pa\u00edses que s\u00e3o grandes emissores de GEEs. O avan\u00e7o significativo da produ\u00e7\u00e3o de energia solar e e\u00f3lica e o desenvolvimento de tecnologias para a produ\u00e7\u00e3o e barateamento de combust\u00edveis renov\u00e1veis, como etanol de segunda gera\u00e7\u00e3o, biodiesel e hidrog\u00eanio, s\u00e3o fundamentais, al\u00e9m do desenvolvimento de tecnologias de armazenamento de energia para uma transi\u00e7\u00e3o eficiente e sustent\u00e1vel.<\/p>\n<p>Os pa\u00edses detentores de grandes florestas devem adotar o uso respons\u00e1vel da terra e investir em reflorestamento, contribuindo para a captura de carbono e gera\u00e7\u00e3o de renda para as popula\u00e7\u00f5es locais, assim como os pa\u00edses de maiores produ\u00e7\u00f5es agropecu\u00e1rias devem incorporar tecnologias que capturem maior quantidade de carbono no solo e aumentar a produtividade por hectare.<\/p>\n<p>Enfrentar a emerg\u00eancia clim\u00e1tica demanda a\u00e7\u00f5es pol\u00edticas, colabora\u00e7\u00f5es cient\u00edficas multilaterais, conscientiza\u00e7\u00e3o p\u00fablica e apoio da sociedade para promover mudan\u00e7as comportamentais em prol da sustentabilidade. A percep\u00e7\u00e3o p\u00fablica desempenha papel essencial nesse processo.<\/p>\n<p>\u00c9 necess\u00e1rio adotar uma abordagem transdisciplinar, na qual pesquisadores e especialistas de diversas \u00e1reas do conhecimento unem esfor\u00e7os para encontrar solu\u00e7\u00f5es. O modelo da h\u00e9lice tr\u00edplice, que fomenta a colabora\u00e7\u00e3o entre universidade, governo e iniciativa privada, \u00e9 uma estrat\u00e9gia de inova\u00e7\u00e3o que valoriza a coopera\u00e7\u00e3o entre setores distintos. Essa abordagem permite o compartilhamento de recursos, conhecimento e expertise, impulsionando a inova\u00e7\u00e3o e viabilizando parcerias cient\u00edficas multilaterais.<\/p>\n<p>Os centros de pesquisa que seguem esse modelo desempenham papel crucial na busca por solu\u00e7\u00f5es para a emerg\u00eancia clim\u00e1tica. Eles t\u00eam a capacidade de agregar conhecimentos de diversas \u00e1reas, alavancar colabora\u00e7\u00f5es cient\u00edficas entre diferentes institui\u00e7\u00f5es e contribuir para a diplomacia cient\u00edfica, fortalecendo a coopera\u00e7\u00e3o em n\u00edvel global.<\/p>\n<p>Ao adotar a transdisciplinaridade, o modelo da h\u00e9lice tr\u00edplice, as parcerias colaborativas, conscientiza\u00e7\u00e3o e inova\u00e7\u00e3o, podemos avan\u00e7ar na luta contra as mudan\u00e7as clim\u00e1ticas e na constru\u00e7\u00e3o de um futuro sustent\u00e1vel.<\/p>\n<p>Na Universidade de S\u00e3o Paulo (USP), um exemplo disso \u00e9 o Centro de Pesquisa e Inova\u00e7\u00e3o em Gases de Efeito Estufa ou Research Centre for Greenhouse Gas Innovation (RCGI). O RCGI tem como miss\u00e3o colaborar com o Brasil para atingir suas Contribui\u00e7\u00f5es Nacionalmente Determinadas (NDCs, na sigla em ingl\u00eas), no contexto do Acordo de Paris. Com programas tem\u00e1ticos abrangendo diversas \u00e1reas, como Solu\u00e7\u00f5es Baseadas na Natureza, Captura e Utiliza\u00e7\u00e3o de Carbono, Bioenergia com Captura e Armazenamento de Carbono, o RCGI conta com a participa\u00e7\u00e3o de 70 professores da USP e de outras institui\u00e7\u00f5es de pesquisa e 300 pesquisadores. A USP atua na cria\u00e7\u00e3o de outros centros seguindo esse modelo, como o Centro de Estudos da Amaz\u00f4nia Sustent\u00e1vel e os Centros de Estudos para Agricultura Tropical e Carbono.<\/p>\n<p>Resultado do trabalho do RCGI \u00e9 a implementa\u00e7\u00e3o da primeira planta piloto de produ\u00e7\u00e3o de hidrog\u00eanio a partir do etanol do Brasil, sobre a qual estamos celebrando o lan\u00e7amento da pedra fundamental nesta data. Com inaugura\u00e7\u00e3o prevista para o in\u00edcio de 2024, o projeto representa um marco na consolida\u00e7\u00e3o do Brasil como pot\u00eancia global da energia renov\u00e1vel e conta com a parceria do RCGI, da Fapesp, do Governo de S\u00e3o Paulo, do Senai e de empresas como Hytron, Shell Brasil e Ra\u00edzen.<\/p>\n<p>A planta, nesta primeira etapa, ir\u00e1 abastecer tr\u00eas \u00f4nibus cedidos pela EMTU e fabricados pela Marcopolo, al\u00e9m de um ve\u00edculo oferecido pela Toyota, todos movidos por c\u00e9lulas a combust\u00edvel que geram eletricidade internamente a partir do hidrog\u00eanio, sem emiss\u00f5es de gases do efeito estufa. Atingir a produ\u00e7\u00e3o industrial \u00e9 uma das metas do projeto.<\/p>\n<p>Essa colabora\u00e7\u00e3o entre USP, empresas e governo demonstra o compromisso do Estado de S\u00e3o Paulo com impulsionar a transi\u00e7\u00e3o para uma economia verde e sustent\u00e1vel. A planta piloto reflete a expertise do Pa\u00eds em biocombust\u00edveis, como o etanol, aplicada estrategicamente na produ\u00e7\u00e3o de hidrog\u00eanio de baixa emiss\u00e3o de carbono. Essa iniciativa demonstra a capacidade do Brasil de buscar solu\u00e7\u00f5es inovadoras, mitigando as mudan\u00e7as clim\u00e1ticas a partir de a\u00e7\u00f5es integradas entre universidades, governo e iniciativa privada.<\/p>\n<p>A emerg\u00eancia clim\u00e1tica exige uma transforma\u00e7\u00e3o urgente nas matrizes energ\u00e9ticas e no uso da terra. O Brasil tem potencial para liderar essa transforma\u00e7\u00e3o, beneficiando n\u00e3o apenas o Pa\u00eds, mas tamb\u00e9m o mundo todo. \u00c9 necess\u00e1rio que continuemos avan\u00e7ando neste caminho, promovendo parcerias e investimentos que impulsionem a economia verde e sustent\u00e1vel, contribuindo para um futuro mais pr\u00f3spero e resiliente.<\/p>\n<p>*S\u00c3O, RESPECTIVAMENTE, REITOR DA USP E PROFESSOR TITULAR DA ESCOLA POLIT\u00c9CNICA, COORDENADOR DO RCGI<\/p>\n<p><a href=\"https:\/\/www.estadao.com.br\/opiniao\/espaco-aberto\/a-usp-no-caminho-da-economia-verde\/ \">A USP no caminho da economia verde<\/a><\/p>\n<p>Foto: Getty images<\/p>\n","protected":false},"excerpt":{"rendered":"<p>O aumento das emiss\u00f5es de gases de efeito estufa (GEEs) e o aquecimento global resultam em preocupante emerg\u00eancia clim\u00e1tica. Os cen\u00e1rios tr\u00e1gicos decorrentes do aumento da temperatura m\u00e9dia acima de 2\u00b0C em rela\u00e7\u00e3o \u00e0 era pr\u00e9-industrial s\u00e3o um chamado para a\u00e7\u00e3o imediata. \u00c9 imprescind\u00edvel transformar as matrizes energ\u00e9ticas dos pa\u00edses que s\u00e3o grandes emissores de &hellip; <a href=\"https:\/\/publicacoes.estadao.com.br\/guia-da-faculdade\/a-usp-no-caminho-da-economia-verde\/\">Continued<\/a><\/p>\n","protected":false},"author":1,"featured_media":214322,"comment_status":"open","ping_status":"closed","sticky":false,"template":"","format":"standard","meta":{"_acf_changed":false,"footnotes":""},"categories":[1],"tags":[],"class_list":["post-214268","post","type-post","status-publish","format-standard","has-post-thumbnail","hentry","category-sem-categoria"],"acf":[],"yoast_head":"<!-- This site is optimized with the Yoast SEO plugin v27.3 - https:\/\/yoast.com\/product\/yoast-seo-wordpress\/ -->\n<title>A USP no caminho da economia verde - Guia da Faculdade 2025<\/title>\n<meta name=\"robots\" content=\"index, follow, max-snippet:-1, max-image-preview:large, max-video-preview:-1\" \/>\n<link rel=\"canonical\" href=\"https:\/\/publicacoes.estadao.com.br\/guia-da-faculdade\/a-usp-no-caminho-da-economia-verde\/\" \/>\n<meta property=\"og:locale\" content=\"pt_BR\" \/>\n<meta property=\"og:type\" content=\"article\" \/>\n<meta property=\"og:title\" content=\"A USP no caminho da economia verde - Guia da Faculdade 2025\" \/>\n<meta property=\"og:description\" content=\"O aumento das emiss\u00f5es de gases de efeito estufa (GEEs) e o aquecimento global resultam em preocupante emerg\u00eancia clim\u00e1tica. Os cen\u00e1rios tr\u00e1gicos decorrentes do aumento da temperatura m\u00e9dia acima de 2\u00b0C em rela\u00e7\u00e3o \u00e0 era pr\u00e9-industrial s\u00e3o um chamado para a\u00e7\u00e3o imediata. \u00c9 imprescind\u00edvel transformar as matrizes energ\u00e9ticas dos pa\u00edses que s\u00e3o grandes emissores de &hellip; Continued\" \/>\n<meta property=\"og:url\" content=\"https:\/\/publicacoes.estadao.com.br\/guia-da-faculdade\/a-usp-no-caminho-da-economia-verde\/\" \/>\n<meta property=\"og:site_name\" content=\"Guia da Faculdade 2025\" \/>\n<meta property=\"article:published_time\" content=\"2023-08-28T19:26:30+00:00\" \/>\n<meta property=\"og:image\" content=\"https:\/\/publicacoes.estadao.com.br\/guia-da-faculdade\/wp-content\/uploads\/2023\/08\/materia-3-getty-images.jpg\" \/>\n\t<meta property=\"og:image:width\" content=\"724\" \/>\n\t<meta property=\"og:image:height\" content=\"483\" \/>\n\t<meta property=\"og:image:type\" content=\"image\/jpeg\" \/>\n<meta name=\"author\" content=\"geosfera\" \/>\n<meta name=\"twitter:card\" content=\"summary_large_image\" \/>\n<meta name=\"twitter:label1\" content=\"Escrito por\" \/>\n\t<meta name=\"twitter:data1\" content=\"geosfera\" \/>\n\t<meta name=\"twitter:label2\" content=\"Est. tempo de leitura\" \/>\n\t<meta name=\"twitter:data2\" content=\"5 minutos\" \/>\n<script type=\"application\/ld+json\" class=\"yoast-schema-graph\">{\"@context\":\"https:\\\/\\\/schema.org\",\"@graph\":[{\"@type\":\"Article\",\"@id\":\"https:\\\/\\\/publicacoes.estadao.com.br\\\/guia-da-faculdade\\\/a-usp-no-caminho-da-economia-verde\\\/#article\",\"isPartOf\":{\"@id\":\"https:\\\/\\\/publicacoes.estadao.com.br\\\/guia-da-faculdade\\\/a-usp-no-caminho-da-economia-verde\\\/\"},\"author\":{\"name\":\"geosfera\",\"@id\":\"https:\\\/\\\/publicacoes.estadao.com.br\\\/guia-da-faculdade\\\/#\\\/schema\\\/person\\\/fcb8886c03a6058d3bdf92324b596d26\"},\"headline\":\"A USP no caminho da economia verde\",\"datePublished\":\"2023-08-28T19:26:30+00:00\",\"mainEntityOfPage\":{\"@id\":\"https:\\\/\\\/publicacoes.estadao.com.br\\\/guia-da-faculdade\\\/a-usp-no-caminho-da-economia-verde\\\/\"},\"wordCount\":885,\"commentCount\":0,\"image\":{\"@id\":\"https:\\\/\\\/publicacoes.estadao.com.br\\\/guia-da-faculdade\\\/a-usp-no-caminho-da-economia-verde\\\/#primaryimage\"},\"thumbnailUrl\":\"https:\\\/\\\/publicacoes.estadao.com.br\\\/guia-da-faculdade\\\/wp-content\\\/uploads\\\/2023\\\/08\\\/materia-3-getty-images.jpg\",\"inLanguage\":\"pt-BR\",\"potentialAction\":[{\"@type\":\"CommentAction\",\"name\":\"Comment\",\"target\":[\"https:\\\/\\\/publicacoes.estadao.com.br\\\/guia-da-faculdade\\\/a-usp-no-caminho-da-economia-verde\\\/#respond\"]}]},{\"@type\":\"WebPage\",\"@id\":\"https:\\\/\\\/publicacoes.estadao.com.br\\\/guia-da-faculdade\\\/a-usp-no-caminho-da-economia-verde\\\/\",\"url\":\"https:\\\/\\\/publicacoes.estadao.com.br\\\/guia-da-faculdade\\\/a-usp-no-caminho-da-economia-verde\\\/\",\"name\":\"A USP no caminho da economia verde - Guia da Faculdade 2025\",\"isPartOf\":{\"@id\":\"https:\\\/\\\/publicacoes.estadao.com.br\\\/guia-da-faculdade\\\/#website\"},\"primaryImageOfPage\":{\"@id\":\"https:\\\/\\\/publicacoes.estadao.com.br\\\/guia-da-faculdade\\\/a-usp-no-caminho-da-economia-verde\\\/#primaryimage\"},\"image\":{\"@id\":\"https:\\\/\\\/publicacoes.estadao.com.br\\\/guia-da-faculdade\\\/a-usp-no-caminho-da-economia-verde\\\/#primaryimage\"},\"thumbnailUrl\":\"https:\\\/\\\/publicacoes.estadao.com.br\\\/guia-da-faculdade\\\/wp-content\\\/uploads\\\/2023\\\/08\\\/materia-3-getty-images.jpg\",\"datePublished\":\"2023-08-28T19:26:30+00:00\",\"author\":{\"@id\":\"https:\\\/\\\/publicacoes.estadao.com.br\\\/guia-da-faculdade\\\/#\\\/schema\\\/person\\\/fcb8886c03a6058d3bdf92324b596d26\"},\"breadcrumb\":{\"@id\":\"https:\\\/\\\/publicacoes.estadao.com.br\\\/guia-da-faculdade\\\/a-usp-no-caminho-da-economia-verde\\\/#breadcrumb\"},\"inLanguage\":\"pt-BR\",\"potentialAction\":[{\"@type\":\"ReadAction\",\"target\":[\"https:\\\/\\\/publicacoes.estadao.com.br\\\/guia-da-faculdade\\\/a-usp-no-caminho-da-economia-verde\\\/\"]}]},{\"@type\":\"ImageObject\",\"inLanguage\":\"pt-BR\",\"@id\":\"https:\\\/\\\/publicacoes.estadao.com.br\\\/guia-da-faculdade\\\/a-usp-no-caminho-da-economia-verde\\\/#primaryimage\",\"url\":\"https:\\\/\\\/publicacoes.estadao.com.br\\\/guia-da-faculdade\\\/wp-content\\\/uploads\\\/2023\\\/08\\\/materia-3-getty-images.jpg\",\"contentUrl\":\"https:\\\/\\\/publicacoes.estadao.com.br\\\/guia-da-faculdade\\\/wp-content\\\/uploads\\\/2023\\\/08\\\/materia-3-getty-images.jpg\",\"width\":724,\"height\":483,\"caption\":\"Male and female engineers working at solar power plant. Two technicians in reflective clothing walking between rows of photovoltaic panels at solar farm.\"},{\"@type\":\"BreadcrumbList\",\"@id\":\"https:\\\/\\\/publicacoes.estadao.com.br\\\/guia-da-faculdade\\\/a-usp-no-caminho-da-economia-verde\\\/#breadcrumb\",\"itemListElement\":[{\"@type\":\"ListItem\",\"position\":1,\"name\":\"In\u00edcio\",\"item\":\"https:\\\/\\\/publicacoes.estadao.com.br\\\/guia-da-faculdade\\\/\"},{\"@type\":\"ListItem\",\"position\":2,\"name\":\"A USP no caminho da economia verde\"}]},{\"@type\":\"WebSite\",\"@id\":\"https:\\\/\\\/publicacoes.estadao.com.br\\\/guia-da-faculdade\\\/#website\",\"url\":\"https:\\\/\\\/publicacoes.estadao.com.br\\\/guia-da-faculdade\\\/\",\"name\":\"Guia da Faculdade 2025\",\"description\":\"\",\"potentialAction\":[{\"@type\":\"SearchAction\",\"target\":{\"@type\":\"EntryPoint\",\"urlTemplate\":\"https:\\\/\\\/publicacoes.estadao.com.br\\\/guia-da-faculdade\\\/?s={search_term_string}\"},\"query-input\":{\"@type\":\"PropertyValueSpecification\",\"valueRequired\":true,\"valueName\":\"search_term_string\"}}],\"inLanguage\":\"pt-BR\"},{\"@type\":\"Person\",\"@id\":\"https:\\\/\\\/publicacoes.estadao.com.br\\\/guia-da-faculdade\\\/#\\\/schema\\\/person\\\/fcb8886c03a6058d3bdf92324b596d26\",\"name\":\"geosfera\",\"image\":{\"@type\":\"ImageObject\",\"inLanguage\":\"pt-BR\",\"@id\":\"https:\\\/\\\/secure.gravatar.com\\\/avatar\\\/9d33d40efdce4963188a84bd4777a5f81f7c8e9cfcc15e6853c05f5cfee4c0ab?s=96&d=mm&r=g\",\"url\":\"https:\\\/\\\/secure.gravatar.com\\\/avatar\\\/9d33d40efdce4963188a84bd4777a5f81f7c8e9cfcc15e6853c05f5cfee4c0ab?s=96&d=mm&r=g\",\"contentUrl\":\"https:\\\/\\\/secure.gravatar.com\\\/avatar\\\/9d33d40efdce4963188a84bd4777a5f81f7c8e9cfcc15e6853c05f5cfee4c0ab?s=96&d=mm&r=g\",\"caption\":\"geosfera\"},\"sameAs\":[\"http:\\\/\\\/webapp407822.ip-194-195-223-103.cloudezapp.io\\\/\"],\"url\":\"https:\\\/\\\/publicacoes.estadao.com.br\\\/guia-da-faculdade\\\/author\\\/geosfera\\\/\"}]}<\/script>\n<!-- \/ Yoast SEO plugin. -->","yoast_head_json":{"title":"A USP no caminho da economia verde - Guia da Faculdade 2025","robots":{"index":"index","follow":"follow","max-snippet":"max-snippet:-1","max-image-preview":"max-image-preview:large","max-video-preview":"max-video-preview:-1"},"canonical":"https:\/\/publicacoes.estadao.com.br\/guia-da-faculdade\/a-usp-no-caminho-da-economia-verde\/","og_locale":"pt_BR","og_type":"article","og_title":"A USP no caminho da economia verde - Guia da Faculdade 2025","og_description":"O aumento das emiss\u00f5es de gases de efeito estufa (GEEs) e o aquecimento global resultam em preocupante emerg\u00eancia clim\u00e1tica. Os cen\u00e1rios tr\u00e1gicos decorrentes do aumento da temperatura m\u00e9dia acima de 2\u00b0C em rela\u00e7\u00e3o \u00e0 era pr\u00e9-industrial s\u00e3o um chamado para a\u00e7\u00e3o imediata. \u00c9 imprescind\u00edvel transformar as matrizes energ\u00e9ticas dos pa\u00edses que s\u00e3o grandes emissores de &hellip; Continued","og_url":"https:\/\/publicacoes.estadao.com.br\/guia-da-faculdade\/a-usp-no-caminho-da-economia-verde\/","og_site_name":"Guia da Faculdade 2025","article_published_time":"2023-08-28T19:26:30+00:00","og_image":[{"width":724,"height":483,"url":"https:\/\/publicacoes.estadao.com.br\/guia-da-faculdade\/wp-content\/uploads\/2023\/08\/materia-3-getty-images.jpg","type":"image\/jpeg"}],"author":"geosfera","twitter_card":"summary_large_image","twitter_misc":{"Escrito por":"geosfera","Est. tempo de leitura":"5 minutos"},"schema":{"@context":"https:\/\/schema.org","@graph":[{"@type":"Article","@id":"https:\/\/publicacoes.estadao.com.br\/guia-da-faculdade\/a-usp-no-caminho-da-economia-verde\/#article","isPartOf":{"@id":"https:\/\/publicacoes.estadao.com.br\/guia-da-faculdade\/a-usp-no-caminho-da-economia-verde\/"},"author":{"name":"geosfera","@id":"https:\/\/publicacoes.estadao.com.br\/guia-da-faculdade\/#\/schema\/person\/fcb8886c03a6058d3bdf92324b596d26"},"headline":"A USP no caminho da economia verde","datePublished":"2023-08-28T19:26:30+00:00","mainEntityOfPage":{"@id":"https:\/\/publicacoes.estadao.com.br\/guia-da-faculdade\/a-usp-no-caminho-da-economia-verde\/"},"wordCount":885,"commentCount":0,"image":{"@id":"https:\/\/publicacoes.estadao.com.br\/guia-da-faculdade\/a-usp-no-caminho-da-economia-verde\/#primaryimage"},"thumbnailUrl":"https:\/\/publicacoes.estadao.com.br\/guia-da-faculdade\/wp-content\/uploads\/2023\/08\/materia-3-getty-images.jpg","inLanguage":"pt-BR","potentialAction":[{"@type":"CommentAction","name":"Comment","target":["https:\/\/publicacoes.estadao.com.br\/guia-da-faculdade\/a-usp-no-caminho-da-economia-verde\/#respond"]}]},{"@type":"WebPage","@id":"https:\/\/publicacoes.estadao.com.br\/guia-da-faculdade\/a-usp-no-caminho-da-economia-verde\/","url":"https:\/\/publicacoes.estadao.com.br\/guia-da-faculdade\/a-usp-no-caminho-da-economia-verde\/","name":"A USP no caminho da economia verde - Guia da Faculdade 2025","isPartOf":{"@id":"https:\/\/publicacoes.estadao.com.br\/guia-da-faculdade\/#website"},"primaryImageOfPage":{"@id":"https:\/\/publicacoes.estadao.com.br\/guia-da-faculdade\/a-usp-no-caminho-da-economia-verde\/#primaryimage"},"image":{"@id":"https:\/\/publicacoes.estadao.com.br\/guia-da-faculdade\/a-usp-no-caminho-da-economia-verde\/#primaryimage"},"thumbnailUrl":"https:\/\/publicacoes.estadao.com.br\/guia-da-faculdade\/wp-content\/uploads\/2023\/08\/materia-3-getty-images.jpg","datePublished":"2023-08-28T19:26:30+00:00","author":{"@id":"https:\/\/publicacoes.estadao.com.br\/guia-da-faculdade\/#\/schema\/person\/fcb8886c03a6058d3bdf92324b596d26"},"breadcrumb":{"@id":"https:\/\/publicacoes.estadao.com.br\/guia-da-faculdade\/a-usp-no-caminho-da-economia-verde\/#breadcrumb"},"inLanguage":"pt-BR","potentialAction":[{"@type":"ReadAction","target":["https:\/\/publicacoes.estadao.com.br\/guia-da-faculdade\/a-usp-no-caminho-da-economia-verde\/"]}]},{"@type":"ImageObject","inLanguage":"pt-BR","@id":"https:\/\/publicacoes.estadao.com.br\/guia-da-faculdade\/a-usp-no-caminho-da-economia-verde\/#primaryimage","url":"https:\/\/publicacoes.estadao.com.br\/guia-da-faculdade\/wp-content\/uploads\/2023\/08\/materia-3-getty-images.jpg","contentUrl":"https:\/\/publicacoes.estadao.com.br\/guia-da-faculdade\/wp-content\/uploads\/2023\/08\/materia-3-getty-images.jpg","width":724,"height":483,"caption":"Male and female engineers working at solar power plant. Two technicians in reflective clothing walking between rows of photovoltaic panels at solar farm."},{"@type":"BreadcrumbList","@id":"https:\/\/publicacoes.estadao.com.br\/guia-da-faculdade\/a-usp-no-caminho-da-economia-verde\/#breadcrumb","itemListElement":[{"@type":"ListItem","position":1,"name":"In\u00edcio","item":"https:\/\/publicacoes.estadao.com.br\/guia-da-faculdade\/"},{"@type":"ListItem","position":2,"name":"A USP no caminho da economia verde"}]},{"@type":"WebSite","@id":"https:\/\/publicacoes.estadao.com.br\/guia-da-faculdade\/#website","url":"https:\/\/publicacoes.estadao.com.br\/guia-da-faculdade\/","name":"Guia da Faculdade 2025","description":"","potentialAction":[{"@type":"SearchAction","target":{"@type":"EntryPoint","urlTemplate":"https:\/\/publicacoes.estadao.com.br\/guia-da-faculdade\/?s={search_term_string}"},"query-input":{"@type":"PropertyValueSpecification","valueRequired":true,"valueName":"search_term_string"}}],"inLanguage":"pt-BR"},{"@type":"Person","@id":"https:\/\/publicacoes.estadao.com.br\/guia-da-faculdade\/#\/schema\/person\/fcb8886c03a6058d3bdf92324b596d26","name":"geosfera","image":{"@type":"ImageObject","inLanguage":"pt-BR","@id":"https:\/\/secure.gravatar.com\/avatar\/9d33d40efdce4963188a84bd4777a5f81f7c8e9cfcc15e6853c05f5cfee4c0ab?s=96&d=mm&r=g","url":"https:\/\/secure.gravatar.com\/avatar\/9d33d40efdce4963188a84bd4777a5f81f7c8e9cfcc15e6853c05f5cfee4c0ab?s=96&d=mm&r=g","contentUrl":"https:\/\/secure.gravatar.com\/avatar\/9d33d40efdce4963188a84bd4777a5f81f7c8e9cfcc15e6853c05f5cfee4c0ab?s=96&d=mm&r=g","caption":"geosfera"},"sameAs":["http:\/\/webapp407822.ip-194-195-223-103.cloudezapp.io\/"],"url":"https:\/\/publicacoes.estadao.com.br\/guia-da-faculdade\/author\/geosfera\/"}]}},"_links":{"self":[{"href":"https:\/\/publicacoes.estadao.com.br\/guia-da-faculdade\/wp-json\/wp\/v2\/posts\/214268","targetHints":{"allow":["GET"]}}],"collection":[{"href":"https:\/\/publicacoes.estadao.com.br\/guia-da-faculdade\/wp-json\/wp\/v2\/posts"}],"about":[{"href":"https:\/\/publicacoes.estadao.com.br\/guia-da-faculdade\/wp-json\/wp\/v2\/types\/post"}],"author":[{"embeddable":true,"href":"https:\/\/publicacoes.estadao.com.br\/guia-da-faculdade\/wp-json\/wp\/v2\/users\/1"}],"replies":[{"embeddable":true,"href":"https:\/\/publicacoes.estadao.com.br\/guia-da-faculdade\/wp-json\/wp\/v2\/comments?post=214268"}],"version-history":[{"count":0,"href":"https:\/\/publicacoes.estadao.com.br\/guia-da-faculdade\/wp-json\/wp\/v2\/posts\/214268\/revisions"}],"wp:featuredmedia":[{"embeddable":true,"href":"https:\/\/publicacoes.estadao.com.br\/guia-da-faculdade\/wp-json\/wp\/v2\/media\/214322"}],"wp:attachment":[{"href":"https:\/\/publicacoes.estadao.com.br\/guia-da-faculdade\/wp-json\/wp\/v2\/media?parent=214268"}],"wp:term":[{"taxonomy":"category","embeddable":true,"href":"https:\/\/publicacoes.estadao.com.br\/guia-da-faculdade\/wp-json\/wp\/v2\/categories?post=214268"},{"taxonomy":"post_tag","embeddable":true,"href":"https:\/\/publicacoes.estadao.com.br\/guia-da-faculdade\/wp-json\/wp\/v2\/tags?post=214268"}],"curies":[{"name":"wp","href":"https:\/\/api.w.org\/{rel}","templated":true}]}}