{"id":22077,"date":"2023-11-20T17:11:09","date_gmt":"2023-11-20T20:11:09","guid":{"rendered":"https:\/\/publicacoes.estadao.com.br\/financasmais\/?p=22077"},"modified":"2023-11-20T19:18:07","modified_gmt":"2023-11-20T22:18:07","slug":"financas-mais-2023-premia-15-categorias-em-noite-de-relacionamento-e-conteudo","status":"publish","type":"post","link":"https:\/\/publicacoes.estadao.com.br\/financasmais2023\/2023\/11\/20\/financas-mais-2023-premia-15-categorias-em-noite-de-relacionamento-e-conteudo\/","title":{"rendered":"Finan\u00e7as Mais 2023 premia 15 categorias em noite de relacionamento e conte\u00fado"},"content":{"rendered":"<p>A 7\u00aa edi\u00e7\u00e3o do pr\u00eamio Estad\u00e3o Finan\u00e7as Mais teve como convidado especial o secret\u00e1rio executivo do Minist\u00e9rio do Planejamento e Or\u00e7amento, Gustavo Guimar\u00e3es. Em sua fala sobre as contas p\u00fablicas brasileiras, o n\u00famero dois da pasta disse que a discuss\u00e3o atual em torno do ajuste fiscal, que envolve a meta de d\u00e9ficit zero ou eventual altera\u00e7\u00e3o para algo entre 0,25% e 0,5% do Produto Interno Bruto (PIB), \u00e9 mais respons\u00e1vel do que os debates vistos nos \u00faltimos anos.<\/p>\n<p>A avalia\u00e7\u00e3o foi feita perante mais de 100 convidados, l\u00edderes do setor financeiro, que representavam as melhores e mais importantes empresas de 15 segmentos reconhecidos pelo Finan\u00e7as Mais. Guimar\u00e3es passou a mensagem de que o compromisso do governo com o equil\u00edbrio fiscal permanece e mostrou um gr\u00e1fico onde previa um prim\u00e1rio sem d\u00e9ficit em 2024, um super\u00e1vit de 0,5% do PIB em 2025 e de 1% em 2026, premissas do arcabou\u00e7o fiscal.<\/p>\n<!-- In\u00edcio Banner 300x250 --><div class='dfp-tmeio1'><\/div><script type='text\/javascript'> DFP.renderHtml({ 'selector':'div.dfp-tmeio1', 'targets':{ 'formato':'tmeio1' }, 'screenmap':'Tile_300_250_T_250', 'force': true });<\/script><!-- Fim Banner 300x250 --> <p>\u201cTemos discuss\u00e3o de curt\u00edssimo prazo, mas t\u00e3o ou mais importante \u00e9 direcionamento\u201d, refor\u00e7ou o secret\u00e1rio. \u201cSomos pragm\u00e1ticos e temos algumas informa\u00e7\u00f5es que nem todos os players t\u00eam. Temos de saber conviver com ru\u00eddos, mas medidas e dire\u00e7\u00e3o s\u00e3o corretas\u201d, disse. Guimar\u00e3es contou que o Planejamento tem conversado com outros minist\u00e9rios e apresentar\u00e1 \u00e0 Junta Or\u00e7ament\u00e1ria at\u00e9 dezembro medidas para reduzir as despesas. \u201cO novo regime fiscal tem elementos e instrumentos para trazer o resultado acordado. N\u00f3s vamos cumprir o desafio do d\u00e9ficit zero\u201d, disse.<\/p>\n<p><img loading=\"lazy\" decoding=\"async\" class=\"aligncenter wp-image-22081 size-full\" src=\"https:\/\/publicacoes.estadao.com.br\/financasmais\/wp-content\/uploads\/2023\/11\/Screenshot_1.png\" alt=\"\" width=\"890\" height=\"154\" srcset=\"https:\/\/publicacoes.estadao.com.br\/financasmais2023\/wp-content\/uploads\/2023\/11\/Screenshot_1.png 890w, https:\/\/publicacoes.estadao.com.br\/financasmais2023\/wp-content\/uploads\/2023\/11\/Screenshot_1-300x52.png 300w, https:\/\/publicacoes.estadao.com.br\/financasmais2023\/wp-content\/uploads\/2023\/11\/Screenshot_1-768x133.png 768w\" sizes=\"auto, (max-width: 890px) 100vw, 890px\" \/><\/p>\n<p><strong>Seguro Auto<\/strong><br \/>\nTokio Marine<br \/>\n<img loading=\"lazy\" decoding=\"async\" src=\"https:\/\/publicacoes.estadao.com.br\/financasmais\/wp-content\/uploads\/2023\/11\/tokio-marine.png\" alt=\"\" width=\"942\" height=\"659\" style=\"margin-top: 10px;\" class=\"aligncenter size-full wp-image-22094\" srcset=\"https:\/\/publicacoes.estadao.com.br\/financasmais2023\/wp-content\/uploads\/2023\/11\/tokio-marine.png 942w, https:\/\/publicacoes.estadao.com.br\/financasmais2023\/wp-content\/uploads\/2023\/11\/tokio-marine-300x210.png 300w, https:\/\/publicacoes.estadao.com.br\/financasmais2023\/wp-content\/uploads\/2023\/11\/tokio-marine-768x537.png 768w\" sizes=\"auto, (max-width: 942px) 100vw, 942px\" \/><br \/>\n<strong>Keila Farias Rocha<\/strong>, superintendente executiva de Produtos Auto da Tokio Marine, e <strong>Alex Agostini<\/strong>, economista-chefe da Austin Rating.<\/p>\n<p>&nbsp;<\/p>\n<p><strong>Seguros Gerais<\/strong><br \/>\nCaixa Seguridade<br \/>\n<img loading=\"lazy\" decoding=\"async\" src=\"https:\/\/publicacoes.estadao.com.br\/financasmais\/wp-content\/uploads\/2023\/11\/caixa-seguridade.png\" alt=\"\" width=\"942\" height=\"659\" style=\"margin-top: 10px;\" class=\"aligncenter size-full wp-image-22097\" srcset=\"https:\/\/publicacoes.estadao.com.br\/financasmais2023\/wp-content\/uploads\/2023\/11\/caixa-seguridade.png 942w, https:\/\/publicacoes.estadao.com.br\/financasmais2023\/wp-content\/uploads\/2023\/11\/caixa-seguridade-300x210.png 300w, https:\/\/publicacoes.estadao.com.br\/financasmais2023\/wp-content\/uploads\/2023\/11\/caixa-seguridade-768x537.png 768w\" sizes=\"auto, (max-width: 942px) 100vw, 942px\" \/><br \/>\n<strong>Edgar Vieira Soares<\/strong>, diretor comercial e de Produtos da Caixa Seguridade, <strong>Gabriel Nevado<\/strong>, diretor de Neg\u00f3cios da Austin Rating, e <strong>Eduardo Costa Oliveira<\/strong>, diretor de Finan\u00e7as e Relacionamento com Investidores da Caixa Seguridade<\/p>\n<p>&nbsp;<\/p>\n<p><strong>Seguro Patrimonial<\/strong><br \/>\nChubb Seguros Brasil<br \/>\n<img loading=\"lazy\" decoding=\"async\" src=\"https:\/\/publicacoes.estadao.com.br\/financasmais\/wp-content\/uploads\/2023\/11\/chubb-seguros.png\" alt=\"\" width=\"942\" height=\"659\" style=\"margin-top: 10px;\" class=\"aligncenter size-full wp-image-22108\" srcset=\"https:\/\/publicacoes.estadao.com.br\/financasmais2023\/wp-content\/uploads\/2023\/11\/chubb-seguros.png 942w, https:\/\/publicacoes.estadao.com.br\/financasmais2023\/wp-content\/uploads\/2023\/11\/chubb-seguros-300x210.png 300w, https:\/\/publicacoes.estadao.com.br\/financasmais2023\/wp-content\/uploads\/2023\/11\/chubb-seguros-768x537.png 768w\" sizes=\"auto, (max-width: 942px) 100vw, 942px\" \/><br \/>\n<strong>Fabio Maretti<\/strong>, diretor de Property e Energy da Chubb Seguros Brasil, e <strong>Daniel Canello<\/strong>, diretor do Estad\u00e3o Blue Studio<\/p>\n<p>&nbsp;<\/p>\n<p><strong>Seguro Riscos Financeiros<\/strong><br \/>\nCOFACE<br \/>\n<img loading=\"lazy\" decoding=\"async\" src=\"https:\/\/publicacoes.estadao.com.br\/financasmais\/wp-content\/uploads\/2023\/11\/coface.png\" alt=\"\" width=\"942\" height=\"659\" style=\"margin-top: 10px;\" class=\"aligncenter size-full wp-image-22112\" srcset=\"https:\/\/publicacoes.estadao.com.br\/financasmais2023\/wp-content\/uploads\/2023\/11\/coface.png 942w, https:\/\/publicacoes.estadao.com.br\/financasmais2023\/wp-content\/uploads\/2023\/11\/coface-300x210.png 300w, https:\/\/publicacoes.estadao.com.br\/financasmais2023\/wp-content\/uploads\/2023\/11\/coface-768x537.png 768w\" sizes=\"auto, (max-width: 942px) 100vw, 942px\" \/><br \/>\n<strong>Rosana Passos de P\u00e1dua<\/strong>, CEO da Coface Brasil, e <strong>Daniel Canello<\/strong>, diretor do Estad\u00e3o Blue Studio<\/p>\n<p>&nbsp;<\/p>\n<p><strong>Seguro Sa\u00fade<\/strong><br \/>\nBradesco Sa\u00fade<br \/>\n<img loading=\"lazy\" decoding=\"async\" src=\"https:\/\/publicacoes.estadao.com.br\/financasmais\/wp-content\/uploads\/2023\/11\/bradesco-saude.png\" alt=\"\" width=\"942\" height=\"659\" style=\"margin-top: 10px;\" class=\"aligncenter size-full wp-image-22113\" srcset=\"https:\/\/publicacoes.estadao.com.br\/financasmais2023\/wp-content\/uploads\/2023\/11\/bradesco-saude.png 942w, https:\/\/publicacoes.estadao.com.br\/financasmais2023\/wp-content\/uploads\/2023\/11\/bradesco-saude-300x210.png 300w, https:\/\/publicacoes.estadao.com.br\/financasmais2023\/wp-content\/uploads\/2023\/11\/bradesco-saude-768x537.png 768w\" sizes=\"auto, (max-width: 942px) 100vw, 942px\" \/><br \/>\n<strong>F\u00e1bio Daher<\/strong>, diretor da Bradesco Sa\u00fade, e <strong>Daniel Canello<\/strong>, diretor do Estad\u00e3o Blue Studio<\/p>\n<p>&nbsp;<\/p>\n<p><strong>Seguro Vida e Previd\u00eancia<\/strong><br \/>\nBradesco Vida e Previd\u00eancia<br \/>\n<img loading=\"lazy\" decoding=\"async\" src=\"https:\/\/publicacoes.estadao.com.br\/financasmais\/wp-content\/uploads\/2023\/11\/bradesco-vida-e-previdencia.png\" alt=\"\" width=\"943\" height=\"659\" style=\"margin-top: 10px;\" class=\"aligncenter size-full wp-image-22114\" srcset=\"https:\/\/publicacoes.estadao.com.br\/financasmais2023\/wp-content\/uploads\/2023\/11\/bradesco-vida-e-previdencia.png 943w, https:\/\/publicacoes.estadao.com.br\/financasmais2023\/wp-content\/uploads\/2023\/11\/bradesco-vida-e-previdencia-300x210.png 300w, https:\/\/publicacoes.estadao.com.br\/financasmais2023\/wp-content\/uploads\/2023\/11\/bradesco-vida-e-previdencia-768x537.png 768w\" sizes=\"auto, (max-width: 943px) 100vw, 943px\" \/><br \/>\n<strong>Jorge Nasser<\/strong>, presidente da Bradesco Vida e Previd\u00eancia, e sua equipe, e <strong>Rodrigo Flores<\/strong>, diretor de Publishing House do Estad\u00e3o<\/p>\n<p>&nbsp;<\/p>\n<p><strong>Segmento Capitaliza\u00e7\u00e3o<\/strong><br \/>\nBradesco Capitaliza\u00e7\u00e3o<br \/>\n<img loading=\"lazy\" decoding=\"async\" src=\"https:\/\/publicacoes.estadao.com.br\/financasmais\/wp-content\/uploads\/2023\/11\/bradesco-capitalizacao.png\" alt=\"\" width=\"942\" height=\"659\" style=\"margin-top: 10px;\" class=\"aligncenter size-full wp-image-22116\" srcset=\"https:\/\/publicacoes.estadao.com.br\/financasmais2023\/wp-content\/uploads\/2023\/11\/bradesco-capitalizacao.png 942w, https:\/\/publicacoes.estadao.com.br\/financasmais2023\/wp-content\/uploads\/2023\/11\/bradesco-capitalizacao-300x210.png 300w, https:\/\/publicacoes.estadao.com.br\/financasmais2023\/wp-content\/uploads\/2023\/11\/bradesco-capitalizacao-768x537.png 768w\" sizes=\"auto, (max-width: 942px) 100vw, 942px\" \/><br \/>\n<strong>Jorge Nasser<\/strong>, presidente da Bradesco Capitaliza\u00e7\u00e3o, e <strong>Rodrigo Flores<\/strong>, diretor de Publishing House do Estad\u00e3o<\/p>\n<p>&nbsp;<\/p>\n<p><strong>Segmento Financeiras &#8211; Geral<\/strong><br \/>\nSantander Financiamentos<br \/>\n<img loading=\"lazy\" decoding=\"async\" src=\"https:\/\/publicacoes.estadao.com.br\/financasmais\/wp-content\/uploads\/2023\/11\/santander-financiamentos.png\" alt=\"\" width=\"942\" height=\"659\" style=\"margin-top: 10px;\" class=\"aligncenter size-full wp-image-22117\" srcset=\"https:\/\/publicacoes.estadao.com.br\/financasmais2023\/wp-content\/uploads\/2023\/11\/santander-financiamentos.png 942w, https:\/\/publicacoes.estadao.com.br\/financasmais2023\/wp-content\/uploads\/2023\/11\/santander-financiamentos-300x210.png 300w, https:\/\/publicacoes.estadao.com.br\/financasmais2023\/wp-content\/uploads\/2023\/11\/santander-financiamentos-768x537.png 768w\" sizes=\"auto, (max-width: 942px) 100vw, 942px\" \/><br \/>\n<strong>Cezar Janikian<\/strong>, head da Santander Financiamentos, e <strong>Rodrigo Flores<\/strong>, diretor de Publishing House do Estad\u00e3o<\/p>\n<p>&nbsp;<\/p>\n<p><strong>Leasing<\/strong><br \/>\nHP Financial Services<br \/>\n<img loading=\"lazy\" decoding=\"async\" src=\"https:\/\/publicacoes.estadao.com.br\/financasmais\/wp-content\/uploads\/2023\/11\/hp-financial-services.png\" alt=\"\" width=\"942\" height=\"659\" style=\"margin-top: 10px;\" class=\"aligncenter size-full wp-image-22118\" srcset=\"https:\/\/publicacoes.estadao.com.br\/financasmais2023\/wp-content\/uploads\/2023\/11\/hp-financial-services.png 942w, https:\/\/publicacoes.estadao.com.br\/financasmais2023\/wp-content\/uploads\/2023\/11\/hp-financial-services-300x210.png 300w, https:\/\/publicacoes.estadao.com.br\/financasmais2023\/wp-content\/uploads\/2023\/11\/hp-financial-services-768x537.png 768w\" sizes=\"auto, (max-width: 942px) 100vw, 942px\" \/><br \/>\n<strong>Carla Var\u00e3o<\/strong>, diretora comercial, e <strong>Alberto Okawa<\/strong>, diretor executivo da HP Financial Services, e <strong>Marcio Rodrigues<\/strong>, editor-chefe da Ag\u00eancia Estad\u00e3o (centro)<\/p>\n<p>&nbsp;<\/p>\n<p><strong>Corretoras e Distribuidoras<\/strong><br \/>\nBB Asset Management<br \/>\n<img loading=\"lazy\" decoding=\"async\" src=\"https:\/\/publicacoes.estadao.com.br\/financasmais\/wp-content\/uploads\/2023\/11\/bb-asset-management.png\" alt=\"\" width=\"942\" height=\"659\" style=\"margin-top: 10px;\" class=\"aligncenter size-full wp-image-22120\" srcset=\"https:\/\/publicacoes.estadao.com.br\/financasmais2023\/wp-content\/uploads\/2023\/11\/bb-asset-management.png 942w, https:\/\/publicacoes.estadao.com.br\/financasmais2023\/wp-content\/uploads\/2023\/11\/bb-asset-management-300x210.png 300w, https:\/\/publicacoes.estadao.com.br\/financasmais2023\/wp-content\/uploads\/2023\/11\/bb-asset-management-768x537.png 768w\" sizes=\"auto, (max-width: 942px) 100vw, 942px\" \/><br \/>\n<strong>Denisio Liberato<\/strong>, CEO do BB Asset Management, e <strong>Marcio Rodrigues<\/strong>, editor-chefe da Ag\u00eancia Estado<\/p>\n<p>&nbsp;<\/p>\n<p><strong>Bancos &#8211; Atacado e Neg\u00f3cios<\/strong><br \/>\nBTG Pactual<br \/>\n<img loading=\"lazy\" decoding=\"async\" src=\"https:\/\/publicacoes.estadao.com.br\/financasmais\/wp-content\/uploads\/2023\/11\/BTG-PACTUAL.png\" alt=\"\" width=\"942\" height=\"659\" style=\"margin-top: 10px;\" class=\"aligncenter size-full wp-image-22121\" srcset=\"https:\/\/publicacoes.estadao.com.br\/financasmais2023\/wp-content\/uploads\/2023\/11\/BTG-PACTUAL.png 942w, https:\/\/publicacoes.estadao.com.br\/financasmais2023\/wp-content\/uploads\/2023\/11\/BTG-PACTUAL-300x210.png 300w, https:\/\/publicacoes.estadao.com.br\/financasmais2023\/wp-content\/uploads\/2023\/11\/BTG-PACTUAL-768x537.png 768w\" sizes=\"auto, (max-width: 942px) 100vw, 942px\" \/><br \/>\n<strong>Renato Cohn<\/strong>, CFO do BTG Pactual, e <strong>Paulo Pessoa<\/strong>, diretor de Publicidade do Mercado Anunciante do Estad\u00e3o<\/p>\n<p>&nbsp;<\/p>\n<p><strong>Bancos &#8211; Financiamento<\/strong><br \/>\nSICOOB<br \/>\n<img loading=\"lazy\" decoding=\"async\" src=\"https:\/\/publicacoes.estadao.com.br\/financasmais\/wp-content\/uploads\/2023\/11\/sicoob.png\" alt=\"\" width=\"943\" height=\"659\" style=\"margin-top: 10px;\" class=\"aligncenter size-full wp-image-22122\" srcset=\"https:\/\/publicacoes.estadao.com.br\/financasmais2023\/wp-content\/uploads\/2023\/11\/sicoob.png 943w, https:\/\/publicacoes.estadao.com.br\/financasmais2023\/wp-content\/uploads\/2023\/11\/sicoob-300x210.png 300w, https:\/\/publicacoes.estadao.com.br\/financasmais2023\/wp-content\/uploads\/2023\/11\/sicoob-768x537.png 768w\" sizes=\"auto, (max-width: 943px) 100vw, 943px\" \/><br \/>\n<strong>Fernando Vicente Netto<\/strong>, diretor financeiro e administrativo do Sicoob, e <strong>Paulo Pessoa<\/strong>, diretor de Publicidade do Mercado Anunciante do Estad\u00e3o<\/p>\n<p>&nbsp;<\/p>\n<p><strong>Bancos &#8211; Grupos e Montadoras<\/strong><br \/>\nBanco John Deere<br \/>\n<img loading=\"lazy\" decoding=\"async\" src=\"https:\/\/publicacoes.estadao.com.br\/financasmais\/wp-content\/uploads\/2023\/11\/BANCO-JOHN-DEERE.png\" alt=\"\" width=\"942\" height=\"659\" style=\"margin-top: 10px;\" class=\"aligncenter size-full wp-image-22123\" srcset=\"https:\/\/publicacoes.estadao.com.br\/financasmais2023\/wp-content\/uploads\/2023\/11\/BANCO-JOHN-DEERE.png 942w, https:\/\/publicacoes.estadao.com.br\/financasmais2023\/wp-content\/uploads\/2023\/11\/BANCO-JOHN-DEERE-300x210.png 300w, https:\/\/publicacoes.estadao.com.br\/financasmais2023\/wp-content\/uploads\/2023\/11\/BANCO-JOHN-DEERE-768x537.png 768w\" sizes=\"auto, (max-width: 942px) 100vw, 942px\" \/><br \/>\n<strong>Priscila Faustino<\/strong>, gerente de Produto, e <strong>Raphael Chaves<\/strong>, gerente de Risco e Compliance do John Deere, e <strong>Leonardo Mendes<\/strong>, diretor de Reda\u00e7\u00e3o do Estad\u00e3o (centro)<\/p>\n<p>&nbsp;<\/p>\n<p><strong>Bancos &#8211; Middle Market<\/strong><br \/>\nBanco Sofisa<br \/>\n<img loading=\"lazy\" decoding=\"async\" src=\"https:\/\/publicacoes.estadao.com.br\/financasmais\/wp-content\/uploads\/2023\/11\/BANCO-SOFISA.png\" alt=\"\" width=\"942\" height=\"659\" style=\"margin-top: 10px;\" class=\"aligncenter size-full wp-image-22124\" srcset=\"https:\/\/publicacoes.estadao.com.br\/financasmais2023\/wp-content\/uploads\/2023\/11\/BANCO-SOFISA.png 942w, https:\/\/publicacoes.estadao.com.br\/financasmais2023\/wp-content\/uploads\/2023\/11\/BANCO-SOFISA-300x210.png 300w, https:\/\/publicacoes.estadao.com.br\/financasmais2023\/wp-content\/uploads\/2023\/11\/BANCO-SOFISA-768x537.png 768w\" sizes=\"auto, (max-width: 942px) 100vw, 942px\" \/><br \/>\n<strong>Diaulas Morize Vieira Marcondes Junior<\/strong>, vice presidente de Neg\u00f3cios do Banco Sofisa, e <strong>Leonardo Mendes<\/strong>, diretor de Reda\u00e7\u00e3o do Estad\u00e3o<\/p>\n<p>&nbsp;<\/p>\n<p><strong>Bancos &#8211; Varejo<\/strong><br \/>\nIta\u00fa Unibanco<br \/>\n<img loading=\"lazy\" decoding=\"async\" src=\"https:\/\/publicacoes.estadao.com.br\/financasmais\/wp-content\/uploads\/2023\/11\/ITAU-UNIBANCO.png\" alt=\"\" width=\"942\" height=\"659\" style=\"margin-top: 10px;\" class=\"aligncenter size-full wp-image-22125\" srcset=\"https:\/\/publicacoes.estadao.com.br\/financasmais2023\/wp-content\/uploads\/2023\/11\/ITAU-UNIBANCO.png 942w, https:\/\/publicacoes.estadao.com.br\/financasmais2023\/wp-content\/uploads\/2023\/11\/ITAU-UNIBANCO-300x210.png 300w, https:\/\/publicacoes.estadao.com.br\/financasmais2023\/wp-content\/uploads\/2023\/11\/ITAU-UNIBANCO-768x537.png 768w\" sizes=\"auto, (max-width: 942px) 100vw, 942px\" \/><br \/>\n<strong>Carlos Vanzo<\/strong>, head de Varejo Clientes Pessoa F\u00edsica no Ita\u00fa Unibanco, e <strong>Gustavo Guimar\u00e3es<\/strong>, secret\u00e1rio executivo do Minist\u00e9rio do Planejamento e Or\u00e7amento<\/p>\n<p>&nbsp;<\/p>\n<p><strong>HOMENAGEM ESPECIAL<\/strong><br \/>\n<img loading=\"lazy\" decoding=\"async\" src=\"https:\/\/publicacoes.estadao.com.br\/financasmais\/wp-content\/uploads\/2023\/11\/homenagem-especial.png\" alt=\"\" width=\"942\" height=\"659\" style=\"margin-top: 10px;\" class=\"aligncenter size-full wp-image-22126\" srcset=\"https:\/\/publicacoes.estadao.com.br\/financasmais2023\/wp-content\/uploads\/2023\/11\/homenagem-especial.png 942w, https:\/\/publicacoes.estadao.com.br\/financasmais2023\/wp-content\/uploads\/2023\/11\/homenagem-especial-300x210.png 300w, https:\/\/publicacoes.estadao.com.br\/financasmais2023\/wp-content\/uploads\/2023\/11\/homenagem-especial-768x537.png 768w\" sizes=\"auto, (max-width: 942px) 100vw, 942px\" \/><br \/>\n<strong>Ana Matos<\/strong>, diretora de Comunica\u00e7\u00e3o e Marketing do Banco Master, e <strong>Paulo Pessoa<\/strong>, diretor de Publicidade do Mercado Anunciante do Estad\u00e3o<\/p>\n<h2 style=\"color: #008b55;\"><strong>Finan\u00e7as Mais agradece o apoio dos patrocinadores e parabeniza todos os premiados. At\u00e9 2024!<\/strong><\/h2>\n<p style=\"font-size: 10px\";><em>FOTOS: NUNNO FONSECA<\/em><\/p>\n","protected":false},"excerpt":{"rendered":"<p>A 7\u00aa edi\u00e7\u00e3o do pr\u00eamio Estad\u00e3o Finan\u00e7as Mais teve como convidado especial o secret\u00e1rio executivo do Minist\u00e9rio do Planejamento e Or\u00e7amento, Gustavo Guimar\u00e3es. Em sua fala sobre as contas p\u00fablicas brasileiras, o n\u00famero dois da pasta disse que a discuss\u00e3o atual em torno do ajuste fiscal, que envolve a meta de d\u00e9ficit zero ou eventual [&hellip;]<\/p>\n","protected":false},"author":10,"featured_media":22078,"comment_status":"open","ping_status":"closed","sticky":false,"template":"","format":"standard","meta":{"_acf_changed":false,"footnotes":""},"categories":[2],"tags":[],"class_list":["post-22077","post","type-post","status-publish","format-standard","has-post-thumbnail","hentry","category-artigo"],"acf":[],"_links":{"self":[{"href":"https:\/\/publicacoes.estadao.com.br\/financasmais2023\/wp-json\/wp\/v2\/posts\/22077","targetHints":{"allow":["GET"]}}],"collection":[{"href":"https:\/\/publicacoes.estadao.com.br\/financasmais2023\/wp-json\/wp\/v2\/posts"}],"about":[{"href":"https:\/\/publicacoes.estadao.com.br\/financasmais2023\/wp-json\/wp\/v2\/types\/post"}],"author":[{"embeddable":true,"href":"https:\/\/publicacoes.estadao.com.br\/financasmais2023\/wp-json\/wp\/v2\/users\/10"}],"replies":[{"embeddable":true,"href":"https:\/\/publicacoes.estadao.com.br\/financasmais2023\/wp-json\/wp\/v2\/comments?post=22077"}],"version-history":[{"count":38,"href":"https:\/\/publicacoes.estadao.com.br\/financasmais2023\/wp-json\/wp\/v2\/posts\/22077\/revisions"}],"predecessor-version":[{"id":22135,"href":"https:\/\/publicacoes.estadao.com.br\/financasmais2023\/wp-json\/wp\/v2\/posts\/22077\/revisions\/22135"}],"wp:featuredmedia":[{"embeddable":true,"href":"https:\/\/publicacoes.estadao.com.br\/financasmais2023\/wp-json\/wp\/v2\/media\/22078"}],"wp:attachment":[{"href":"https:\/\/publicacoes.estadao.com.br\/financasmais2023\/wp-json\/wp\/v2\/media?parent=22077"}],"wp:term":[{"taxonomy":"category","embeddable":true,"href":"https:\/\/publicacoes.estadao.com.br\/financasmais2023\/wp-json\/wp\/v2\/categories?post=22077"},{"taxonomy":"post_tag","embeddable":true,"href":"https:\/\/publicacoes.estadao.com.br\/financasmais2023\/wp-json\/wp\/v2\/tags?post=22077"}],"curies":[{"name":"wp","href":"https:\/\/api.w.org\/{rel}","templated":true}]}}